{"id":1,"date":"2019-01-31T12:46:20","date_gmt":"2019-01-31T11:46:20","guid":{"rendered":"https:\/\/www.almetalbahn-online.de\/?p=1"},"modified":"2019-11-21T23:05:50","modified_gmt":"2019-11-21T22:05:50","slug":"hallo-welt","status":"publish","type":"post","link":"https:\/\/www.almetalbahn-online.de\/?p=1","title":{"rendered":"Der NDR zu Gast in Almstedt"},"content":{"rendered":"\n<p>Gleich zweimal war in diesem Fr\u00fchjahr der Norddeutsche Rundfunk (NDR)  bei uns zu Gast. Los ging es Ende M\u00e4rz 2019 mit den Dreharbeiten zu  einem Filmbeitrag in der Reihe &#8222;<em>Wir bei Euch &#8211; W\u00fcnsch Dir Deinen NDR<\/em>&#8222;,  bei dem NDR Drehteams die Zuschauer bei sich zu Hause oder an anderen  Orten besuchen und daraus einen kurzen Filmbericht erstellen. Wir  wollten mit unserer Bewerbung die Gelegenheit nutzen, unseren Verein und  unser Hobby in einem weiteren Umkreis bekannt zu machen und wurden  tats\u00e4chlich ausgew\u00e4hlt. Ein dreik\u00f6pfiges Filmteam unter der F\u00fchrung von  Olaf Schmidt war zwei Tage bei uns, um uns beim Arbeiten \u00fcber die  Schulter zu schauen. Es hat allen Beteiligten sehr gro\u00dfen Spa\u00df gemacht  und das Ergebnis kann sich durchaus sehen lassen unter :<br><br><a href=\"https:\/\/www.ndr.de\/wuensch_dir_deinen-ndr-das-ndr-kamerateam-,wunschkamera101.html\">www.ndr.de<\/a><br><br> Am Montag, 29. April 2019 war dann Andi Gervelmeyer vom NDR1 H\u00f6rfunk im  Zuge der Sendung &#8222;Mein Lieblingsplatz in Niedersachsen&#8220; auf die  Bewerbung von Michael B\u00f6rngen und Oliver Schaer nach Almstedt gekommen,  um hier den entsprechenden H\u00f6rfunkbeitrag aufzuzeichnen. Michael hat  auch hier die Gelegenheit genutzt, unseren Verein einem gr\u00f6\u00dferen Kreis  bekannt zu machen. Die Sendung wird p\u00fcnktlich zu unserem Fr\u00fchjahrsfest  am  Samstag, 04. Mai 2019 um 10.20 Uhr auf NDR 1 Niedersachsen ausgestrahlt werden. <\/p>\n\n\n\n<p> <\/p>\n","protected":false},"excerpt":{"rendered":"<p>Gleich zweimal war in diesem Fr\u00fchjahr der Norddeutsche Rundfunk (NDR) bei uns zu Gast. Los ging es Ende M\u00e4rz 2019 mit den Dreharbeiten zu einem Filmbeitrag in der Reihe &#8222;Wir [&hellip;]<\/p>\n","protected":false},"author":1,"featured_media":895,"comment_status":"closed","ping_status":"open","sticky":false,"template":"","format":"standard","meta":{"_links_to":"","_links_to_target":""},"categories":[1],"tags":[],"yoast_head":"<!-- This site is optimized with the Yoast SEO plugin v21.0 - https:\/\/yoast.com\/wordpress\/plugins\/seo\/ -->\n<title>Der NDR zu Gast in Almstedt - Arbeitsgemeinschaft Historische Eisenbahn e.V.<\/title>\n<meta name=\"robots\" content=\"index, follow, max-snippet:-1, max-image-preview:large, max-video-preview:-1\" \/>\n<link rel=\"canonical\" href=\"https:\/\/www.almetalbahn-online.de\/?p=1\" \/>\n<meta property=\"og:locale\" content=\"de_DE\" \/>\n<meta property=\"og:type\" content=\"article\" \/>\n<meta property=\"og:title\" content=\"Der NDR zu Gast in Almstedt - Arbeitsgemeinschaft Historische Eisenbahn e.V.\" \/>\n<meta property=\"og:description\" content=\"Gleich zweimal war in diesem Fr\u00fchjahr der Norddeutsche Rundfunk (NDR) bei uns zu Gast. Los ging es Ende M\u00e4rz 2019 mit den Dreharbeiten zu einem Filmbeitrag in der Reihe &#8222;Wir [&hellip;]\" \/>\n<meta property=\"og:url\" content=\"https:\/\/www.almetalbahn-online.de\/?p=1\" \/>\n<meta property=\"og:site_name\" content=\"Arbeitsgemeinschaft Historische Eisenbahn e.V.\" \/>\n<meta property=\"article:publisher\" content=\"https:\/\/www.facebook.com\/Almetalbahn\/\" \/>\n<meta property=\"article:published_time\" content=\"2019-01-31T11:46:20+00:00\" \/>\n<meta property=\"article:modified_time\" content=\"2019-11-21T22:05:50+00:00\" \/>\n<meta property=\"og:image\" content=\"https:\/\/www.almetalbahn-online.de\/wp-content\/uploads\/2019\/01\/20190330_NDR_in_Almstedt-23.jpg\" \/>\n\t<meta property=\"og:image:width\" content=\"1620\" \/>\n\t<meta property=\"og:image:height\" content=\"1080\" \/>\n\t<meta property=\"og:image:type\" content=\"image\/jpeg\" \/>\n<meta name=\"author\" content=\"cnotzon\" \/>\n<meta name=\"twitter:card\" content=\"summary_large_image\" \/>\n<meta name=\"twitter:label1\" content=\"Verfasst von\" \/>\n\t<meta name=\"twitter:data1\" content=\"cnotzon\" \/>\n\t<meta name=\"twitter:label2\" content=\"Gesch\u00e4tzte Lesezeit\" \/>\n\t<meta name=\"twitter:data2\" content=\"1\u00a0Minute\" \/>\n<script type=\"application\/ld+json\" class=\"yoast-schema-graph\">{\"@context\":\"https:\/\/schema.org\",\"@graph\":[{\"@type\":\"Article\",\"@id\":\"https:\/\/www.almetalbahn-online.de\/?p=1#article\",\"isPartOf\":{\"@id\":\"https:\/\/www.almetalbahn-online.de\/?p=1\"},\"author\":{\"name\":\"cnotzon\",\"@id\":\"https:\/\/www.almetalbahn-online.de\/#\/schema\/person\/799da707f669139fc54888f34eb42e99\"},\"headline\":\"Der NDR zu Gast in Almstedt\",\"datePublished\":\"2019-01-31T11:46:20+00:00\",\"dateModified\":\"2019-11-21T22:05:50+00:00\",\"mainEntityOfPage\":{\"@id\":\"https:\/\/www.almetalbahn-online.de\/?p=1\"},\"wordCount\":212,\"publisher\":{\"@id\":\"https:\/\/www.almetalbahn-online.de\/#organization\"},\"inLanguage\":\"de\"},{\"@type\":\"WebPage\",\"@id\":\"https:\/\/www.almetalbahn-online.de\/?p=1\",\"url\":\"https:\/\/www.almetalbahn-online.de\/?p=1\",\"name\":\"Der NDR zu Gast in Almstedt - Arbeitsgemeinschaft Historische Eisenbahn e.V.\",\"isPartOf\":{\"@id\":\"https:\/\/www.almetalbahn-online.de\/#website\"},\"datePublished\":\"2019-01-31T11:46:20+00:00\",\"dateModified\":\"2019-11-21T22:05:50+00:00\",\"breadcrumb\":{\"@id\":\"https:\/\/www.almetalbahn-online.de\/?p=1#breadcrumb\"},\"inLanguage\":\"de\",\"potentialAction\":[{\"@type\":\"ReadAction\",\"target\":[\"https:\/\/www.almetalbahn-online.de\/?p=1\"]}]},{\"@type\":\"BreadcrumbList\",\"@id\":\"https:\/\/www.almetalbahn-online.de\/?p=1#breadcrumb\",\"itemListElement\":[{\"@type\":\"ListItem\",\"position\":1,\"name\":\"Startseite\",\"item\":\"https:\/\/www.almetalbahn-online.de\/\"},{\"@type\":\"ListItem\",\"position\":2,\"name\":\"Der NDR zu Gast in Almstedt\"}]},{\"@type\":\"WebSite\",\"@id\":\"https:\/\/www.almetalbahn-online.de\/#website\",\"url\":\"https:\/\/www.almetalbahn-online.de\/\",\"name\":\"Arbeitsgemeinschaft Historische Eisenbahn e.V.\",\"description\":\"Almetalbahn\",\"publisher\":{\"@id\":\"https:\/\/www.almetalbahn-online.de\/#organization\"},\"potentialAction\":[{\"@type\":\"SearchAction\",\"target\":{\"@type\":\"EntryPoint\",\"urlTemplate\":\"https:\/\/www.almetalbahn-online.de\/?s={search_term_string}\"},\"query-input\":\"required name=search_term_string\"}],\"inLanguage\":\"de\"},{\"@type\":\"Organization\",\"@id\":\"https:\/\/www.almetalbahn-online.de\/#organization\",\"name\":\"Arbeitsgemeinschaft Historische Eisenbahn e.V.\",\"url\":\"https:\/\/www.almetalbahn-online.de\/\",\"logo\":{\"@type\":\"ImageObject\",\"inLanguage\":\"de\",\"@id\":\"https:\/\/www.almetalbahn-online.de\/#\/schema\/logo\/image\/\",\"url\":\"https:\/\/www.almetalbahn-online.de\/wp-content\/uploads\/2019\/12\/T3_Zeichnung-e1573062427353.png\",\"contentUrl\":\"https:\/\/www.almetalbahn-online.de\/wp-content\/uploads\/2019\/12\/T3_Zeichnung-e1573062427353.png\",\"width\":200,\"height\":97,\"caption\":\"Arbeitsgemeinschaft Historische Eisenbahn e.V.\"},\"image\":{\"@id\":\"https:\/\/www.almetalbahn-online.de\/#\/schema\/logo\/image\/\"},\"sameAs\":[\"https:\/\/www.facebook.com\/Almetalbahn\/\",\"https:\/\/www.instagram.com\/almetalbahn\/\"]},{\"@type\":\"Person\",\"@id\":\"https:\/\/www.almetalbahn-online.de\/#\/schema\/person\/799da707f669139fc54888f34eb42e99\",\"name\":\"cnotzon\",\"image\":{\"@type\":\"ImageObject\",\"inLanguage\":\"de\",\"@id\":\"https:\/\/www.almetalbahn-online.de\/#\/schema\/person\/image\/\",\"url\":\"https:\/\/secure.gravatar.com\/avatar\/7814d50d3a3a1692bddb46e923d301da?s=96&d=mm&r=g\",\"contentUrl\":\"https:\/\/secure.gravatar.com\/avatar\/7814d50d3a3a1692bddb46e923d301da?s=96&d=mm&r=g\",\"caption\":\"cnotzon\"},\"url\":\"https:\/\/www.almetalbahn-online.de\/?author=1\"}]}<\/script>\n<!-- \/ Yoast SEO plugin. -->","yoast_head_json":{"title":"Der NDR zu Gast in Almstedt - Arbeitsgemeinschaft Historische Eisenbahn e.V.","robots":{"index":"index","follow":"follow","max-snippet":"max-snippet:-1","max-image-preview":"max-image-preview:large","max-video-preview":"max-video-preview:-1"},"canonical":"https:\/\/www.almetalbahn-online.de\/?p=1","og_locale":"de_DE","og_type":"article","og_title":"Der NDR zu Gast in Almstedt - Arbeitsgemeinschaft Historische Eisenbahn e.V.","og_description":"Gleich zweimal war in diesem Fr\u00fchjahr der Norddeutsche Rundfunk (NDR) bei uns zu Gast. Los ging es Ende M\u00e4rz 2019 mit den Dreharbeiten zu einem Filmbeitrag in der Reihe &#8222;Wir [&hellip;]","og_url":"https:\/\/www.almetalbahn-online.de\/?p=1","og_site_name":"Arbeitsgemeinschaft Historische Eisenbahn e.V.","article_publisher":"https:\/\/www.facebook.com\/Almetalbahn\/","article_published_time":"2019-01-31T11:46:20+00:00","article_modified_time":"2019-11-21T22:05:50+00:00","og_image":[{"width":1620,"height":1080,"url":"https:\/\/www.almetalbahn-online.de\/wp-content\/uploads\/2019\/01\/20190330_NDR_in_Almstedt-23.jpg","type":"image\/jpeg"}],"author":"cnotzon","twitter_card":"summary_large_image","twitter_misc":{"Verfasst von":"cnotzon","Gesch\u00e4tzte Lesezeit":"1\u00a0Minute"},"schema":{"@context":"https:\/\/schema.org","@graph":[{"@type":"Article","@id":"https:\/\/www.almetalbahn-online.de\/?p=1#article","isPartOf":{"@id":"https:\/\/www.almetalbahn-online.de\/?p=1"},"author":{"name":"cnotzon","@id":"https:\/\/www.almetalbahn-online.de\/#\/schema\/person\/799da707f669139fc54888f34eb42e99"},"headline":"Der NDR zu Gast in Almstedt","datePublished":"2019-01-31T11:46:20+00:00","dateModified":"2019-11-21T22:05:50+00:00","mainEntityOfPage":{"@id":"https:\/\/www.almetalbahn-online.de\/?p=1"},"wordCount":212,"publisher":{"@id":"https:\/\/www.almetalbahn-online.de\/#organization"},"inLanguage":"de"},{"@type":"WebPage","@id":"https:\/\/www.almetalbahn-online.de\/?p=1","url":"https:\/\/www.almetalbahn-online.de\/?p=1","name":"Der NDR zu Gast in Almstedt - Arbeitsgemeinschaft Historische Eisenbahn e.V.","isPartOf":{"@id":"https:\/\/www.almetalbahn-online.de\/#website"},"datePublished":"2019-01-31T11:46:20+00:00","dateModified":"2019-11-21T22:05:50+00:00","breadcrumb":{"@id":"https:\/\/www.almetalbahn-online.de\/?p=1#breadcrumb"},"inLanguage":"de","potentialAction":[{"@type":"ReadAction","target":["https:\/\/www.almetalbahn-online.de\/?p=1"]}]},{"@type":"BreadcrumbList","@id":"https:\/\/www.almetalbahn-online.de\/?p=1#breadcrumb","itemListElement":[{"@type":"ListItem","position":1,"name":"Startseite","item":"https:\/\/www.almetalbahn-online.de\/"},{"@type":"ListItem","position":2,"name":"Der NDR zu Gast in Almstedt"}]},{"@type":"WebSite","@id":"https:\/\/www.almetalbahn-online.de\/#website","url":"https:\/\/www.almetalbahn-online.de\/","name":"Arbeitsgemeinschaft Historische Eisenbahn e.V.","description":"Almetalbahn","publisher":{"@id":"https:\/\/www.almetalbahn-online.de\/#organization"},"potentialAction":[{"@type":"SearchAction","target":{"@type":"EntryPoint","urlTemplate":"https:\/\/www.almetalbahn-online.de\/?s={search_term_string}"},"query-input":"required name=search_term_string"}],"inLanguage":"de"},{"@type":"Organization","@id":"https:\/\/www.almetalbahn-online.de\/#organization","name":"Arbeitsgemeinschaft Historische Eisenbahn e.V.","url":"https:\/\/www.almetalbahn-online.de\/","logo":{"@type":"ImageObject","inLanguage":"de","@id":"https:\/\/www.almetalbahn-online.de\/#\/schema\/logo\/image\/","url":"https:\/\/www.almetalbahn-online.de\/wp-content\/uploads\/2019\/12\/T3_Zeichnung-e1573062427353.png","contentUrl":"https:\/\/www.almetalbahn-online.de\/wp-content\/uploads\/2019\/12\/T3_Zeichnung-e1573062427353.png","width":200,"height":97,"caption":"Arbeitsgemeinschaft Historische Eisenbahn e.V."},"image":{"@id":"https:\/\/www.almetalbahn-online.de\/#\/schema\/logo\/image\/"},"sameAs":["https:\/\/www.facebook.com\/Almetalbahn\/","https:\/\/www.instagram.com\/almetalbahn\/"]},{"@type":"Person","@id":"https:\/\/www.almetalbahn-online.de\/#\/schema\/person\/799da707f669139fc54888f34eb42e99","name":"cnotzon","image":{"@type":"ImageObject","inLanguage":"de","@id":"https:\/\/www.almetalbahn-online.de\/#\/schema\/person\/image\/","url":"https:\/\/secure.gravatar.com\/avatar\/7814d50d3a3a1692bddb46e923d301da?s=96&d=mm&r=g","contentUrl":"https:\/\/secure.gravatar.com\/avatar\/7814d50d3a3a1692bddb46e923d301da?s=96&d=mm&r=g","caption":"cnotzon"},"url":"https:\/\/www.almetalbahn-online.de\/?author=1"}]}},"_links":{"self":[{"href":"https:\/\/www.almetalbahn-online.de\/index.php?rest_route=\/wp\/v2\/posts\/1"}],"collection":[{"href":"https:\/\/www.almetalbahn-online.de\/index.php?rest_route=\/wp\/v2\/posts"}],"about":[{"href":"https:\/\/www.almetalbahn-online.de\/index.php?rest_route=\/wp\/v2\/types\/post"}],"author":[{"embeddable":true,"href":"https:\/\/www.almetalbahn-online.de\/index.php?rest_route=\/wp\/v2\/users\/1"}],"replies":[{"embeddable":true,"href":"https:\/\/www.almetalbahn-online.de\/index.php?rest_route=%2Fwp%2Fv2%2Fcomments&post=1"}],"version-history":[{"count":3,"href":"https:\/\/www.almetalbahn-online.de\/index.php?rest_route=\/wp\/v2\/posts\/1\/revisions"}],"predecessor-version":[{"id":896,"href":"https:\/\/www.almetalbahn-online.de\/index.php?rest_route=\/wp\/v2\/posts\/1\/revisions\/896"}],"wp:featuredmedia":[{"embeddable":true,"href":"https:\/\/www.almetalbahn-online.de\/index.php?rest_route=\/wp\/v2\/media\/895"}],"wp:attachment":[{"href":"https:\/\/www.almetalbahn-online.de\/index.php?rest_route=%2Fwp%2Fv2%2Fmedia&parent=1"}],"wp:term":[{"taxonomy":"category","embeddable":true,"href":"https:\/\/www.almetalbahn-online.de\/index.php?rest_route=%2Fwp%2Fv2%2Fcategories&post=1"},{"taxonomy":"post_tag","embeddable":true,"href":"https:\/\/www.almetalbahn-online.de\/index.php?rest_route=%2Fwp%2Fv2%2Ftags&post=1"}],"curies":[{"name":"wp","href":"https:\/\/api.w.org\/{rel}","templated":true}]}}