{"id":3951,"date":"2022-05-20T20:25:06","date_gmt":"2022-05-20T18:25:06","guid":{"rendered":"https:\/\/www.almetalbahn-online.de\/?p=3951"},"modified":"2022-05-20T22:46:14","modified_gmt":"2022-05-20T20:46:14","slug":"rueckblick-auf-die-fruehlingsfahrtage","status":"publish","type":"post","link":"https:\/\/www.almetalbahn-online.de\/?p=3951","title":{"rendered":"R\u00fcckblick auf die Fr\u00fchlingsfahrtage"},"content":{"rendered":"\n<p>Am Wochenende des 14. und 15. Mai sind wir mit unseren Fr\u00fchlingsfahrtagen in die Jubil\u00e4umssaison<br>2022 gestartet. Bei traumhaftem Wetter konnte ein sch\u00f6ner Fahrtag ohne weitreichende Coronabeschr\u00e4nkungen durchgef\u00fchrt werden.<\/p>\n\n\n\n<p>Unter anderem boten wir die beliebten F\u00fchrerstandsmitfahrten auf der K\u00f6f ll wieder an. Der Fahrkartenverkauf fand wieder im denkmalgesch\u00fctzten Bahnhofsgeb\u00e4ude statt. Kaffee und Kuchen gab es nach zweij\u00e4hriger Pause wieder im stilechten Caf\u00e9-Wagen. Auch der &#8222;Modellbahnwagen&#8220; mit dem H0-Modell des Bahnhof Gronau (Leine) \u00f6ffnete wieder seine T\u00fcren. Auch konnten dieses Mal Mitfahrten auf einem modernen Zweiwegebagger angeboten werden, die begeistert angenommen worden sind.<\/p>\n\n\n\n<p>Wer an einer der klassischen Zugfahrten teilgenommen hat, konnte am HP Grillplatz die erneuerte Bahnsteigkante sowie das j\u00fcngste abgeschlossene Projekt unsere Jugendgruppe,<br>einen aufgearbeiteten Fernsprechkasten, bewundern. Letzterer vermittelt nun einen authentischeren Eindruck eines Nebenbahnhaltepunktes. <\/p>\n\n\n\n<p>Am Sonntag wurde unsere Veranstaltung durch einen Besuch zahlreicher Mercedes-Benz-Oldtimer aus der Zeit der legend\u00e4ren &#8222;Heckflossen&#8220; bereichert. <\/p>\n\n\n\n<p>An dieser Stelle ein gro\u00dfer Dank an alle Mithelfer und nat\u00fcrlich auch an alle Besucher, durch die es zwei so sch\u00f6ne Tage geworden sind. <\/p>\n\n\n\n<p>&#8222;Erlebnis Eisenbahn&#8220; gibt es wieder am <strong>5.6.2022 zum Alt-Neu Treffen <\/strong>unter anderem mit<br>unterschiedlichen landwirtschaftlichen Fahrzeugen, Besuch von Feuerwehren und THW-Organisation, Gleisbaufahrzeugen und Zivilschutz. Des weiteren sorgt die Lokomobile Angelika des Vereins &#8222;Mobile Welten e.V.&#8220; f\u00fcr Dampf und bereitet Vorfreude auf die f\u00fcr den Sommer geplante Inbetriebnahme der T3 &#8222;Schunter&#8220;.<\/p>\n\n\n\n<p>Schauen Sie vorbei, wir freuen uns auf Sie!<\/p>\n\n\n\n<p>MP \/ OS, 20.05.2022<\/p>\n","protected":false},"excerpt":{"rendered":"<p>Am Wochenende des 14. und 15. Mai sind wir mit unseren Fr\u00fchlingsfahrtagen in die Jubil\u00e4umssaison2022 gestartet. Bei traumhaftem Wetter konnte ein sch\u00f6ner Fahrtag ohne weitreichende Coronabeschr\u00e4nkungen durchgef\u00fchrt werden. Unter anderem [&hellip;]<\/p>\n","protected":false},"author":3,"featured_media":3958,"comment_status":"closed","ping_status":"closed","sticky":false,"template":"","format":"standard","meta":{"_links_to":"","_links_to_target":""},"categories":[61,1,21],"tags":[],"yoast_head":"<!-- This site is optimized with the Yoast SEO plugin v21.0 - https:\/\/yoast.com\/wordpress\/plugins\/seo\/ -->\n<title>R\u00fcckblick auf die Fr\u00fchlingsfahrtage - Arbeitsgemeinschaft Historische Eisenbahn e.V.<\/title>\n<meta name=\"robots\" content=\"index, follow, max-snippet:-1, max-image-preview:large, max-video-preview:-1\" \/>\n<link rel=\"canonical\" href=\"https:\/\/www.almetalbahn-online.de\/?p=3951\" \/>\n<meta property=\"og:locale\" content=\"de_DE\" \/>\n<meta property=\"og:type\" content=\"article\" \/>\n<meta property=\"og:title\" content=\"R\u00fcckblick auf die Fr\u00fchlingsfahrtage - Arbeitsgemeinschaft Historische Eisenbahn e.V.\" \/>\n<meta property=\"og:description\" content=\"Am Wochenende des 14. und 15. Mai sind wir mit unseren Fr\u00fchlingsfahrtagen in die Jubil\u00e4umssaison2022 gestartet. Bei traumhaftem Wetter konnte ein sch\u00f6ner Fahrtag ohne weitreichende Coronabeschr\u00e4nkungen durchgef\u00fchrt werden. Unter anderem [&hellip;]\" \/>\n<meta property=\"og:url\" content=\"https:\/\/www.almetalbahn-online.de\/?p=3951\" \/>\n<meta property=\"og:site_name\" content=\"Arbeitsgemeinschaft Historische Eisenbahn e.V.\" \/>\n<meta property=\"article:publisher\" content=\"https:\/\/www.facebook.com\/Almetalbahn\/\" \/>\n<meta property=\"article:published_time\" content=\"2022-05-20T18:25:06+00:00\" \/>\n<meta property=\"article:modified_time\" content=\"2022-05-20T20:46:14+00:00\" \/>\n<meta property=\"og:image\" content=\"https:\/\/www.almetalbahn-online.de\/wp-content\/uploads\/2022\/05\/klein_Bild_Fruehlingsfahrtag_2022_0001.jpg\" \/>\n\t<meta property=\"og:image:width\" content=\"1620\" \/>\n\t<meta property=\"og:image:height\" content=\"1080\" \/>\n\t<meta property=\"og:image:type\" content=\"image\/jpeg\" \/>\n<meta name=\"author\" content=\"Oliver Schaer\" \/>\n<meta name=\"twitter:card\" content=\"summary_large_image\" \/>\n<meta name=\"twitter:label1\" content=\"Verfasst von\" \/>\n\t<meta name=\"twitter:data1\" content=\"Oliver Schaer\" \/>\n\t<meta name=\"twitter:label2\" content=\"Gesch\u00e4tzte Lesezeit\" \/>\n\t<meta name=\"twitter:data2\" content=\"2\u00a0Minuten\" \/>\n<script type=\"application\/ld+json\" class=\"yoast-schema-graph\">{\"@context\":\"https:\/\/schema.org\",\"@graph\":[{\"@type\":\"Article\",\"@id\":\"https:\/\/www.almetalbahn-online.de\/?p=3951#article\",\"isPartOf\":{\"@id\":\"https:\/\/www.almetalbahn-online.de\/?p=3951\"},\"author\":{\"name\":\"Oliver Schaer\",\"@id\":\"https:\/\/www.almetalbahn-online.de\/#\/schema\/person\/b0828570a7b6ca612f54633269051789\"},\"headline\":\"R\u00fcckblick auf die Fr\u00fchlingsfahrtage\",\"datePublished\":\"2022-05-20T18:25:06+00:00\",\"dateModified\":\"2022-05-20T20:46:14+00:00\",\"mainEntityOfPage\":{\"@id\":\"https:\/\/www.almetalbahn-online.de\/?p=3951\"},\"wordCount\":249,\"publisher\":{\"@id\":\"https:\/\/www.almetalbahn-online.de\/#organization\"},\"articleSection\":{\"0\":\"50 Jahre AHE\",\"2\":\"Veranstaltungen\"},\"inLanguage\":\"de\"},{\"@type\":\"WebPage\",\"@id\":\"https:\/\/www.almetalbahn-online.de\/?p=3951\",\"url\":\"https:\/\/www.almetalbahn-online.de\/?p=3951\",\"name\":\"R\u00fcckblick auf die Fr\u00fchlingsfahrtage - Arbeitsgemeinschaft Historische Eisenbahn e.V.\",\"isPartOf\":{\"@id\":\"https:\/\/www.almetalbahn-online.de\/#website\"},\"datePublished\":\"2022-05-20T18:25:06+00:00\",\"dateModified\":\"2022-05-20T20:46:14+00:00\",\"breadcrumb\":{\"@id\":\"https:\/\/www.almetalbahn-online.de\/?p=3951#breadcrumb\"},\"inLanguage\":\"de\",\"potentialAction\":[{\"@type\":\"ReadAction\",\"target\":[\"https:\/\/www.almetalbahn-online.de\/?p=3951\"]}]},{\"@type\":\"BreadcrumbList\",\"@id\":\"https:\/\/www.almetalbahn-online.de\/?p=3951#breadcrumb\",\"itemListElement\":[{\"@type\":\"ListItem\",\"position\":1,\"name\":\"Startseite\",\"item\":\"https:\/\/www.almetalbahn-online.de\/\"},{\"@type\":\"ListItem\",\"position\":2,\"name\":\"R\u00fcckblick auf die Fr\u00fchlingsfahrtage\"}]},{\"@type\":\"WebSite\",\"@id\":\"https:\/\/www.almetalbahn-online.de\/#website\",\"url\":\"https:\/\/www.almetalbahn-online.de\/\",\"name\":\"Arbeitsgemeinschaft Historische Eisenbahn e.V.\",\"description\":\"Almetalbahn\",\"publisher\":{\"@id\":\"https:\/\/www.almetalbahn-online.de\/#organization\"},\"potentialAction\":[{\"@type\":\"SearchAction\",\"target\":{\"@type\":\"EntryPoint\",\"urlTemplate\":\"https:\/\/www.almetalbahn-online.de\/?s={search_term_string}\"},\"query-input\":\"required name=search_term_string\"}],\"inLanguage\":\"de\"},{\"@type\":\"Organization\",\"@id\":\"https:\/\/www.almetalbahn-online.de\/#organization\",\"name\":\"Arbeitsgemeinschaft Historische Eisenbahn e.V.\",\"url\":\"https:\/\/www.almetalbahn-online.de\/\",\"logo\":{\"@type\":\"ImageObject\",\"inLanguage\":\"de\",\"@id\":\"https:\/\/www.almetalbahn-online.de\/#\/schema\/logo\/image\/\",\"url\":\"https:\/\/www.almetalbahn-online.de\/wp-content\/uploads\/2019\/12\/T3_Zeichnung-e1573062427353.png\",\"contentUrl\":\"https:\/\/www.almetalbahn-online.de\/wp-content\/uploads\/2019\/12\/T3_Zeichnung-e1573062427353.png\",\"width\":200,\"height\":97,\"caption\":\"Arbeitsgemeinschaft Historische Eisenbahn e.V.\"},\"image\":{\"@id\":\"https:\/\/www.almetalbahn-online.de\/#\/schema\/logo\/image\/\"},\"sameAs\":[\"https:\/\/www.facebook.com\/Almetalbahn\/\",\"https:\/\/www.instagram.com\/almetalbahn\/\"]},{\"@type\":\"Person\",\"@id\":\"https:\/\/www.almetalbahn-online.de\/#\/schema\/person\/b0828570a7b6ca612f54633269051789\",\"name\":\"Oliver Schaer\",\"image\":{\"@type\":\"ImageObject\",\"inLanguage\":\"de\",\"@id\":\"https:\/\/www.almetalbahn-online.de\/#\/schema\/person\/image\/\",\"url\":\"https:\/\/secure.gravatar.com\/avatar\/12f2e60f42b773b234c8115d50938d7b?s=96&d=mm&r=g\",\"contentUrl\":\"https:\/\/secure.gravatar.com\/avatar\/12f2e60f42b773b234c8115d50938d7b?s=96&d=mm&r=g\",\"caption\":\"Oliver Schaer\"},\"url\":\"https:\/\/www.almetalbahn-online.de\/?author=3\"}]}<\/script>\n<!-- \/ Yoast SEO plugin. -->","yoast_head_json":{"title":"R\u00fcckblick auf die Fr\u00fchlingsfahrtage - Arbeitsgemeinschaft Historische Eisenbahn e.V.","robots":{"index":"index","follow":"follow","max-snippet":"max-snippet:-1","max-image-preview":"max-image-preview:large","max-video-preview":"max-video-preview:-1"},"canonical":"https:\/\/www.almetalbahn-online.de\/?p=3951","og_locale":"de_DE","og_type":"article","og_title":"R\u00fcckblick auf die Fr\u00fchlingsfahrtage - Arbeitsgemeinschaft Historische Eisenbahn e.V.","og_description":"Am Wochenende des 14. und 15. Mai sind wir mit unseren Fr\u00fchlingsfahrtagen in die Jubil\u00e4umssaison2022 gestartet. Bei traumhaftem Wetter konnte ein sch\u00f6ner Fahrtag ohne weitreichende Coronabeschr\u00e4nkungen durchgef\u00fchrt werden. Unter anderem [&hellip;]","og_url":"https:\/\/www.almetalbahn-online.de\/?p=3951","og_site_name":"Arbeitsgemeinschaft Historische Eisenbahn e.V.","article_publisher":"https:\/\/www.facebook.com\/Almetalbahn\/","article_published_time":"2022-05-20T18:25:06+00:00","article_modified_time":"2022-05-20T20:46:14+00:00","og_image":[{"width":1620,"height":1080,"url":"https:\/\/www.almetalbahn-online.de\/wp-content\/uploads\/2022\/05\/klein_Bild_Fruehlingsfahrtag_2022_0001.jpg","type":"image\/jpeg"}],"author":"Oliver Schaer","twitter_card":"summary_large_image","twitter_misc":{"Verfasst von":"Oliver Schaer","Gesch\u00e4tzte Lesezeit":"2\u00a0Minuten"},"schema":{"@context":"https:\/\/schema.org","@graph":[{"@type":"Article","@id":"https:\/\/www.almetalbahn-online.de\/?p=3951#article","isPartOf":{"@id":"https:\/\/www.almetalbahn-online.de\/?p=3951"},"author":{"name":"Oliver Schaer","@id":"https:\/\/www.almetalbahn-online.de\/#\/schema\/person\/b0828570a7b6ca612f54633269051789"},"headline":"R\u00fcckblick auf die Fr\u00fchlingsfahrtage","datePublished":"2022-05-20T18:25:06+00:00","dateModified":"2022-05-20T20:46:14+00:00","mainEntityOfPage":{"@id":"https:\/\/www.almetalbahn-online.de\/?p=3951"},"wordCount":249,"publisher":{"@id":"https:\/\/www.almetalbahn-online.de\/#organization"},"articleSection":{"0":"50 Jahre AHE","2":"Veranstaltungen"},"inLanguage":"de"},{"@type":"WebPage","@id":"https:\/\/www.almetalbahn-online.de\/?p=3951","url":"https:\/\/www.almetalbahn-online.de\/?p=3951","name":"R\u00fcckblick auf die Fr\u00fchlingsfahrtage - Arbeitsgemeinschaft Historische Eisenbahn e.V.","isPartOf":{"@id":"https:\/\/www.almetalbahn-online.de\/#website"},"datePublished":"2022-05-20T18:25:06+00:00","dateModified":"2022-05-20T20:46:14+00:00","breadcrumb":{"@id":"https:\/\/www.almetalbahn-online.de\/?p=3951#breadcrumb"},"inLanguage":"de","potentialAction":[{"@type":"ReadAction","target":["https:\/\/www.almetalbahn-online.de\/?p=3951"]}]},{"@type":"BreadcrumbList","@id":"https:\/\/www.almetalbahn-online.de\/?p=3951#breadcrumb","itemListElement":[{"@type":"ListItem","position":1,"name":"Startseite","item":"https:\/\/www.almetalbahn-online.de\/"},{"@type":"ListItem","position":2,"name":"R\u00fcckblick auf die Fr\u00fchlingsfahrtage"}]},{"@type":"WebSite","@id":"https:\/\/www.almetalbahn-online.de\/#website","url":"https:\/\/www.almetalbahn-online.de\/","name":"Arbeitsgemeinschaft Historische Eisenbahn e.V.","description":"Almetalbahn","publisher":{"@id":"https:\/\/www.almetalbahn-online.de\/#organization"},"potentialAction":[{"@type":"SearchAction","target":{"@type":"EntryPoint","urlTemplate":"https:\/\/www.almetalbahn-online.de\/?s={search_term_string}"},"query-input":"required name=search_term_string"}],"inLanguage":"de"},{"@type":"Organization","@id":"https:\/\/www.almetalbahn-online.de\/#organization","name":"Arbeitsgemeinschaft Historische Eisenbahn e.V.","url":"https:\/\/www.almetalbahn-online.de\/","logo":{"@type":"ImageObject","inLanguage":"de","@id":"https:\/\/www.almetalbahn-online.de\/#\/schema\/logo\/image\/","url":"https:\/\/www.almetalbahn-online.de\/wp-content\/uploads\/2019\/12\/T3_Zeichnung-e1573062427353.png","contentUrl":"https:\/\/www.almetalbahn-online.de\/wp-content\/uploads\/2019\/12\/T3_Zeichnung-e1573062427353.png","width":200,"height":97,"caption":"Arbeitsgemeinschaft Historische Eisenbahn e.V."},"image":{"@id":"https:\/\/www.almetalbahn-online.de\/#\/schema\/logo\/image\/"},"sameAs":["https:\/\/www.facebook.com\/Almetalbahn\/","https:\/\/www.instagram.com\/almetalbahn\/"]},{"@type":"Person","@id":"https:\/\/www.almetalbahn-online.de\/#\/schema\/person\/b0828570a7b6ca612f54633269051789","name":"Oliver Schaer","image":{"@type":"ImageObject","inLanguage":"de","@id":"https:\/\/www.almetalbahn-online.de\/#\/schema\/person\/image\/","url":"https:\/\/secure.gravatar.com\/avatar\/12f2e60f42b773b234c8115d50938d7b?s=96&d=mm&r=g","contentUrl":"https:\/\/secure.gravatar.com\/avatar\/12f2e60f42b773b234c8115d50938d7b?s=96&d=mm&r=g","caption":"Oliver Schaer"},"url":"https:\/\/www.almetalbahn-online.de\/?author=3"}]}},"_links":{"self":[{"href":"https:\/\/www.almetalbahn-online.de\/index.php?rest_route=\/wp\/v2\/posts\/3951"}],"collection":[{"href":"https:\/\/www.almetalbahn-online.de\/index.php?rest_route=\/wp\/v2\/posts"}],"about":[{"href":"https:\/\/www.almetalbahn-online.de\/index.php?rest_route=\/wp\/v2\/types\/post"}],"author":[{"embeddable":true,"href":"https:\/\/www.almetalbahn-online.de\/index.php?rest_route=\/wp\/v2\/users\/3"}],"replies":[{"embeddable":true,"href":"https:\/\/www.almetalbahn-online.de\/index.php?rest_route=%2Fwp%2Fv2%2Fcomments&post=3951"}],"version-history":[{"count":4,"href":"https:\/\/www.almetalbahn-online.de\/index.php?rest_route=\/wp\/v2\/posts\/3951\/revisions"}],"predecessor-version":[{"id":3966,"href":"https:\/\/www.almetalbahn-online.de\/index.php?rest_route=\/wp\/v2\/posts\/3951\/revisions\/3966"}],"wp:featuredmedia":[{"embeddable":true,"href":"https:\/\/www.almetalbahn-online.de\/index.php?rest_route=\/wp\/v2\/media\/3958"}],"wp:attachment":[{"href":"https:\/\/www.almetalbahn-online.de\/index.php?rest_route=%2Fwp%2Fv2%2Fmedia&parent=3951"}],"wp:term":[{"taxonomy":"category","embeddable":true,"href":"https:\/\/www.almetalbahn-online.de\/index.php?rest_route=%2Fwp%2Fv2%2Fcategories&post=3951"},{"taxonomy":"post_tag","embeddable":true,"href":"https:\/\/www.almetalbahn-online.de\/index.php?rest_route=%2Fwp%2Fv2%2Ftags&post=3951"}],"curies":[{"name":"wp","href":"https:\/\/api.w.org\/{rel}","templated":true}]}}