{"id":4226,"date":"2022-10-01T23:33:13","date_gmt":"2022-10-01T21:33:13","guid":{"rendered":"https:\/\/www.almetalbahn-online.de\/?p=4226"},"modified":"2022-10-01T23:34:08","modified_gmt":"2022-10-01T21:34:08","slug":"jubilaeumsfest-vom-1-bis-zum-3-oktober","status":"publish","type":"post","link":"https:\/\/www.almetalbahn-online.de\/?p=4226","title":{"rendered":"Jubil\u00e4umsfest vom 1. bis zum 3. Oktober"},"content":{"rendered":"\n<p><strong>Jubil\u00e4umsfest vom 1. bis zum 3. Oktober<\/strong><\/p>\n\n\n\n<p>Endlich ist es soweit: Das Jubil\u00e4umsfest anl\u00e4sslich von 50 Jahre Arbeitsgemeinschaft Historische Eisenbahn e.V. findet statt. \u00dcber das feiertagsbedingt verl\u00e4ngerte Wochenende findet ein umfangreiches Programm unter Volldampf statt, mit zwei Dampflokomotiven und einer Dampflokomobile. Die T3 &#8222;Schunter&#8220; wird ihre ersten \u00f6ffentlichen Fahrten nach der Kesselreparatur durchf\u00fchren und dabei von der Gastlok &#8222;Triangel&#8220; des Vereins Braunschweiger Verkehrsfreunde e.V. (bekannt f\u00fcr den &#8222;Lokpark&#8220; und den &#8222;Asse-Bummler&#8220;) unterst\u00fctzt. <\/p>\n\n\n\n<p>Samstag und Sonntag gibt es einen Busshuttle mit historischen Bussen der IG \u00d6PNV von Bodenburg und Sibbesse zum Museumsbahnhof. <\/p>\n\n\n\n<p>Samstagabend findet im Lokschuppen ein Konzert von Uwe Grie\u00dfmann und mit den Almetaler Musikanten statt.<\/p>\n\n\n\n<p>Sonntagabend treten ebenfalls im stimmungsvollen Lokschuppen die Skiffle Rats auf.<\/p>\n\n\n\n<p>N\u00e4here Informationen zur Veranstaltung und den Fahrplan des Busshuttles finden Sie bei den Veranstaltungen: <a href=\"https:\/\/www.almetalbahn-online.de\/?tribe_events=herbstfahrtag-bei-der-almetalbahn-3-tage\">Jubil\u00e4umsfest<\/a><\/p>\n\n\n\n<p>Wir freuen uns auf Ihren Besuch!<\/p>\n\n\n<div class=\"wp-block-image\">\n<figure class=\"aligncenter size-full\"><img decoding=\"async\" loading=\"lazy\" width=\"553\" height=\"737\" src=\"https:\/\/www.almetalbahn-online.de\/wp-content\/uploads\/2022\/10\/Busshuttle-50-Jahre-Almetalbahn_k2.jpg\" alt=\"\" class=\"wp-image-4229\" srcset=\"https:\/\/www.almetalbahn-online.de\/wp-content\/uploads\/2022\/10\/Busshuttle-50-Jahre-Almetalbahn_k2.jpg 553w, https:\/\/www.almetalbahn-online.de\/wp-content\/uploads\/2022\/10\/Busshuttle-50-Jahre-Almetalbahn_k2-225x300.jpg 225w\" sizes=\"(max-width: 553px) 100vw, 553px\" \/><figcaption>Einer der historischen Busse f\u00fcr den Busshuttle<\/figcaption><\/figure><\/div>","protected":false},"excerpt":{"rendered":"<p>Jubil\u00e4umsfest vom 1. bis zum 3. Oktober Endlich ist es soweit: Das Jubil\u00e4umsfest anl\u00e4sslich von 50 Jahre Arbeitsgemeinschaft Historische Eisenbahn e.V. findet statt. \u00dcber das feiertagsbedingt verl\u00e4ngerte Wochenende findet ein [&hellip;]<\/p>\n","protected":false},"author":6,"featured_media":4230,"comment_status":"closed","ping_status":"closed","sticky":false,"template":"","format":"standard","meta":{"_links_to":"","_links_to_target":""},"categories":[61,19,21],"tags":[],"yoast_head":"<!-- This site is optimized with the Yoast SEO plugin v21.0 - https:\/\/yoast.com\/wordpress\/plugins\/seo\/ -->\n<title>Jubil\u00e4umsfest vom 1. bis zum 3. Oktober - Arbeitsgemeinschaft Historische Eisenbahn e.V.<\/title>\n<meta name=\"robots\" content=\"index, follow, max-snippet:-1, max-image-preview:large, max-video-preview:-1\" \/>\n<link rel=\"canonical\" href=\"https:\/\/www.almetalbahn-online.de\/?p=4226\" \/>\n<meta property=\"og:locale\" content=\"de_DE\" \/>\n<meta property=\"og:type\" content=\"article\" \/>\n<meta property=\"og:title\" content=\"Jubil\u00e4umsfest vom 1. bis zum 3. Oktober - Arbeitsgemeinschaft Historische Eisenbahn e.V.\" \/>\n<meta property=\"og:description\" content=\"Jubil\u00e4umsfest vom 1. bis zum 3. Oktober Endlich ist es soweit: Das Jubil\u00e4umsfest anl\u00e4sslich von 50 Jahre Arbeitsgemeinschaft Historische Eisenbahn e.V. findet statt. \u00dcber das feiertagsbedingt verl\u00e4ngerte Wochenende findet ein [&hellip;]\" \/>\n<meta property=\"og:url\" content=\"https:\/\/www.almetalbahn-online.de\/?p=4226\" \/>\n<meta property=\"og:site_name\" content=\"Arbeitsgemeinschaft Historische Eisenbahn e.V.\" \/>\n<meta property=\"article:publisher\" content=\"https:\/\/www.facebook.com\/Almetalbahn\/\" \/>\n<meta property=\"article:published_time\" content=\"2022-10-01T21:33:13+00:00\" \/>\n<meta property=\"article:modified_time\" content=\"2022-10-01T21:34:08+00:00\" \/>\n<meta property=\"og:image\" content=\"https:\/\/www.almetalbahn-online.de\/wp-content\/uploads\/2022\/10\/T3Triangel-Vorbereitung.jpg\" \/>\n\t<meta property=\"og:image:width\" content=\"810\" \/>\n\t<meta property=\"og:image:height\" content=\"740\" \/>\n\t<meta property=\"og:image:type\" content=\"image\/jpeg\" \/>\n<meta name=\"author\" content=\"Torben Rautenstrauch\" \/>\n<meta name=\"twitter:card\" content=\"summary_large_image\" \/>\n<meta name=\"twitter:label1\" content=\"Verfasst von\" \/>\n\t<meta name=\"twitter:data1\" content=\"Torben Rautenstrauch\" \/>\n\t<meta name=\"twitter:label2\" content=\"Gesch\u00e4tzte Lesezeit\" \/>\n\t<meta name=\"twitter:data2\" content=\"2\u00a0Minuten\" \/>\n<script type=\"application\/ld+json\" class=\"yoast-schema-graph\">{\"@context\":\"https:\/\/schema.org\",\"@graph\":[{\"@type\":\"Article\",\"@id\":\"https:\/\/www.almetalbahn-online.de\/?p=4226#article\",\"isPartOf\":{\"@id\":\"https:\/\/www.almetalbahn-online.de\/?p=4226\"},\"author\":{\"name\":\"Torben Rautenstrauch\",\"@id\":\"https:\/\/www.almetalbahn-online.de\/#\/schema\/person\/c234045958a86ba11d91502cfacb247e\"},\"headline\":\"Jubil\u00e4umsfest vom 1. bis zum 3. Oktober\",\"datePublished\":\"2022-10-01T21:33:13+00:00\",\"dateModified\":\"2022-10-01T21:34:08+00:00\",\"mainEntityOfPage\":{\"@id\":\"https:\/\/www.almetalbahn-online.de\/?p=4226\"},\"wordCount\":160,\"publisher\":{\"@id\":\"https:\/\/www.almetalbahn-online.de\/#organization\"},\"articleSection\":[\"50 Jahre AHE\",\"Aktuelles\",\"Veranstaltungen\"],\"inLanguage\":\"de\"},{\"@type\":\"WebPage\",\"@id\":\"https:\/\/www.almetalbahn-online.de\/?p=4226\",\"url\":\"https:\/\/www.almetalbahn-online.de\/?p=4226\",\"name\":\"Jubil\u00e4umsfest vom 1. bis zum 3. Oktober - Arbeitsgemeinschaft Historische Eisenbahn e.V.\",\"isPartOf\":{\"@id\":\"https:\/\/www.almetalbahn-online.de\/#website\"},\"datePublished\":\"2022-10-01T21:33:13+00:00\",\"dateModified\":\"2022-10-01T21:34:08+00:00\",\"breadcrumb\":{\"@id\":\"https:\/\/www.almetalbahn-online.de\/?p=4226#breadcrumb\"},\"inLanguage\":\"de\",\"potentialAction\":[{\"@type\":\"ReadAction\",\"target\":[\"https:\/\/www.almetalbahn-online.de\/?p=4226\"]}]},{\"@type\":\"BreadcrumbList\",\"@id\":\"https:\/\/www.almetalbahn-online.de\/?p=4226#breadcrumb\",\"itemListElement\":[{\"@type\":\"ListItem\",\"position\":1,\"name\":\"Startseite\",\"item\":\"https:\/\/www.almetalbahn-online.de\/\"},{\"@type\":\"ListItem\",\"position\":2,\"name\":\"Jubil\u00e4umsfest vom 1. bis zum 3. Oktober\"}]},{\"@type\":\"WebSite\",\"@id\":\"https:\/\/www.almetalbahn-online.de\/#website\",\"url\":\"https:\/\/www.almetalbahn-online.de\/\",\"name\":\"Arbeitsgemeinschaft Historische Eisenbahn e.V.\",\"description\":\"Almetalbahn\",\"publisher\":{\"@id\":\"https:\/\/www.almetalbahn-online.de\/#organization\"},\"potentialAction\":[{\"@type\":\"SearchAction\",\"target\":{\"@type\":\"EntryPoint\",\"urlTemplate\":\"https:\/\/www.almetalbahn-online.de\/?s={search_term_string}\"},\"query-input\":\"required name=search_term_string\"}],\"inLanguage\":\"de\"},{\"@type\":\"Organization\",\"@id\":\"https:\/\/www.almetalbahn-online.de\/#organization\",\"name\":\"Arbeitsgemeinschaft Historische Eisenbahn e.V.\",\"url\":\"https:\/\/www.almetalbahn-online.de\/\",\"logo\":{\"@type\":\"ImageObject\",\"inLanguage\":\"de\",\"@id\":\"https:\/\/www.almetalbahn-online.de\/#\/schema\/logo\/image\/\",\"url\":\"https:\/\/www.almetalbahn-online.de\/wp-content\/uploads\/2019\/12\/T3_Zeichnung-e1573062427353.png\",\"contentUrl\":\"https:\/\/www.almetalbahn-online.de\/wp-content\/uploads\/2019\/12\/T3_Zeichnung-e1573062427353.png\",\"width\":200,\"height\":97,\"caption\":\"Arbeitsgemeinschaft Historische Eisenbahn e.V.\"},\"image\":{\"@id\":\"https:\/\/www.almetalbahn-online.de\/#\/schema\/logo\/image\/\"},\"sameAs\":[\"https:\/\/www.facebook.com\/Almetalbahn\/\",\"https:\/\/www.instagram.com\/almetalbahn\/\"]},{\"@type\":\"Person\",\"@id\":\"https:\/\/www.almetalbahn-online.de\/#\/schema\/person\/c234045958a86ba11d91502cfacb247e\",\"name\":\"Torben Rautenstrauch\",\"image\":{\"@type\":\"ImageObject\",\"inLanguage\":\"de\",\"@id\":\"https:\/\/www.almetalbahn-online.de\/#\/schema\/person\/image\/\",\"url\":\"https:\/\/secure.gravatar.com\/avatar\/fdbbdbfb348e24b6284685ce3682e3c3?s=96&d=mm&r=g\",\"contentUrl\":\"https:\/\/secure.gravatar.com\/avatar\/fdbbdbfb348e24b6284685ce3682e3c3?s=96&d=mm&r=g\",\"caption\":\"Torben Rautenstrauch\"},\"url\":\"https:\/\/www.almetalbahn-online.de\/?author=6\"}]}<\/script>\n<!-- \/ Yoast SEO plugin. -->","yoast_head_json":{"title":"Jubil\u00e4umsfest vom 1. bis zum 3. Oktober - Arbeitsgemeinschaft Historische Eisenbahn e.V.","robots":{"index":"index","follow":"follow","max-snippet":"max-snippet:-1","max-image-preview":"max-image-preview:large","max-video-preview":"max-video-preview:-1"},"canonical":"https:\/\/www.almetalbahn-online.de\/?p=4226","og_locale":"de_DE","og_type":"article","og_title":"Jubil\u00e4umsfest vom 1. bis zum 3. Oktober - Arbeitsgemeinschaft Historische Eisenbahn e.V.","og_description":"Jubil\u00e4umsfest vom 1. bis zum 3. Oktober Endlich ist es soweit: Das Jubil\u00e4umsfest anl\u00e4sslich von 50 Jahre Arbeitsgemeinschaft Historische Eisenbahn e.V. findet statt. \u00dcber das feiertagsbedingt verl\u00e4ngerte Wochenende findet ein [&hellip;]","og_url":"https:\/\/www.almetalbahn-online.de\/?p=4226","og_site_name":"Arbeitsgemeinschaft Historische Eisenbahn e.V.","article_publisher":"https:\/\/www.facebook.com\/Almetalbahn\/","article_published_time":"2022-10-01T21:33:13+00:00","article_modified_time":"2022-10-01T21:34:08+00:00","og_image":[{"width":810,"height":740,"url":"https:\/\/www.almetalbahn-online.de\/wp-content\/uploads\/2022\/10\/T3Triangel-Vorbereitung.jpg","type":"image\/jpeg"}],"author":"Torben Rautenstrauch","twitter_card":"summary_large_image","twitter_misc":{"Verfasst von":"Torben Rautenstrauch","Gesch\u00e4tzte Lesezeit":"2\u00a0Minuten"},"schema":{"@context":"https:\/\/schema.org","@graph":[{"@type":"Article","@id":"https:\/\/www.almetalbahn-online.de\/?p=4226#article","isPartOf":{"@id":"https:\/\/www.almetalbahn-online.de\/?p=4226"},"author":{"name":"Torben Rautenstrauch","@id":"https:\/\/www.almetalbahn-online.de\/#\/schema\/person\/c234045958a86ba11d91502cfacb247e"},"headline":"Jubil\u00e4umsfest vom 1. bis zum 3. Oktober","datePublished":"2022-10-01T21:33:13+00:00","dateModified":"2022-10-01T21:34:08+00:00","mainEntityOfPage":{"@id":"https:\/\/www.almetalbahn-online.de\/?p=4226"},"wordCount":160,"publisher":{"@id":"https:\/\/www.almetalbahn-online.de\/#organization"},"articleSection":["50 Jahre AHE","Aktuelles","Veranstaltungen"],"inLanguage":"de"},{"@type":"WebPage","@id":"https:\/\/www.almetalbahn-online.de\/?p=4226","url":"https:\/\/www.almetalbahn-online.de\/?p=4226","name":"Jubil\u00e4umsfest vom 1. bis zum 3. Oktober - Arbeitsgemeinschaft Historische Eisenbahn e.V.","isPartOf":{"@id":"https:\/\/www.almetalbahn-online.de\/#website"},"datePublished":"2022-10-01T21:33:13+00:00","dateModified":"2022-10-01T21:34:08+00:00","breadcrumb":{"@id":"https:\/\/www.almetalbahn-online.de\/?p=4226#breadcrumb"},"inLanguage":"de","potentialAction":[{"@type":"ReadAction","target":["https:\/\/www.almetalbahn-online.de\/?p=4226"]}]},{"@type":"BreadcrumbList","@id":"https:\/\/www.almetalbahn-online.de\/?p=4226#breadcrumb","itemListElement":[{"@type":"ListItem","position":1,"name":"Startseite","item":"https:\/\/www.almetalbahn-online.de\/"},{"@type":"ListItem","position":2,"name":"Jubil\u00e4umsfest vom 1. bis zum 3. Oktober"}]},{"@type":"WebSite","@id":"https:\/\/www.almetalbahn-online.de\/#website","url":"https:\/\/www.almetalbahn-online.de\/","name":"Arbeitsgemeinschaft Historische Eisenbahn e.V.","description":"Almetalbahn","publisher":{"@id":"https:\/\/www.almetalbahn-online.de\/#organization"},"potentialAction":[{"@type":"SearchAction","target":{"@type":"EntryPoint","urlTemplate":"https:\/\/www.almetalbahn-online.de\/?s={search_term_string}"},"query-input":"required name=search_term_string"}],"inLanguage":"de"},{"@type":"Organization","@id":"https:\/\/www.almetalbahn-online.de\/#organization","name":"Arbeitsgemeinschaft Historische Eisenbahn e.V.","url":"https:\/\/www.almetalbahn-online.de\/","logo":{"@type":"ImageObject","inLanguage":"de","@id":"https:\/\/www.almetalbahn-online.de\/#\/schema\/logo\/image\/","url":"https:\/\/www.almetalbahn-online.de\/wp-content\/uploads\/2019\/12\/T3_Zeichnung-e1573062427353.png","contentUrl":"https:\/\/www.almetalbahn-online.de\/wp-content\/uploads\/2019\/12\/T3_Zeichnung-e1573062427353.png","width":200,"height":97,"caption":"Arbeitsgemeinschaft Historische Eisenbahn e.V."},"image":{"@id":"https:\/\/www.almetalbahn-online.de\/#\/schema\/logo\/image\/"},"sameAs":["https:\/\/www.facebook.com\/Almetalbahn\/","https:\/\/www.instagram.com\/almetalbahn\/"]},{"@type":"Person","@id":"https:\/\/www.almetalbahn-online.de\/#\/schema\/person\/c234045958a86ba11d91502cfacb247e","name":"Torben Rautenstrauch","image":{"@type":"ImageObject","inLanguage":"de","@id":"https:\/\/www.almetalbahn-online.de\/#\/schema\/person\/image\/","url":"https:\/\/secure.gravatar.com\/avatar\/fdbbdbfb348e24b6284685ce3682e3c3?s=96&d=mm&r=g","contentUrl":"https:\/\/secure.gravatar.com\/avatar\/fdbbdbfb348e24b6284685ce3682e3c3?s=96&d=mm&r=g","caption":"Torben Rautenstrauch"},"url":"https:\/\/www.almetalbahn-online.de\/?author=6"}]}},"_links":{"self":[{"href":"https:\/\/www.almetalbahn-online.de\/index.php?rest_route=\/wp\/v2\/posts\/4226"}],"collection":[{"href":"https:\/\/www.almetalbahn-online.de\/index.php?rest_route=\/wp\/v2\/posts"}],"about":[{"href":"https:\/\/www.almetalbahn-online.de\/index.php?rest_route=\/wp\/v2\/types\/post"}],"author":[{"embeddable":true,"href":"https:\/\/www.almetalbahn-online.de\/index.php?rest_route=\/wp\/v2\/users\/6"}],"replies":[{"embeddable":true,"href":"https:\/\/www.almetalbahn-online.de\/index.php?rest_route=%2Fwp%2Fv2%2Fcomments&post=4226"}],"version-history":[{"count":2,"href":"https:\/\/www.almetalbahn-online.de\/index.php?rest_route=\/wp\/v2\/posts\/4226\/revisions"}],"predecessor-version":[{"id":4232,"href":"https:\/\/www.almetalbahn-online.de\/index.php?rest_route=\/wp\/v2\/posts\/4226\/revisions\/4232"}],"wp:featuredmedia":[{"embeddable":true,"href":"https:\/\/www.almetalbahn-online.de\/index.php?rest_route=\/wp\/v2\/media\/4230"}],"wp:attachment":[{"href":"https:\/\/www.almetalbahn-online.de\/index.php?rest_route=%2Fwp%2Fv2%2Fmedia&parent=4226"}],"wp:term":[{"taxonomy":"category","embeddable":true,"href":"https:\/\/www.almetalbahn-online.de\/index.php?rest_route=%2Fwp%2Fv2%2Fcategories&post=4226"},{"taxonomy":"post_tag","embeddable":true,"href":"https:\/\/www.almetalbahn-online.de\/index.php?rest_route=%2Fwp%2Fv2%2Ftags&post=4226"}],"curies":[{"name":"wp","href":"https:\/\/api.w.org\/{rel}","templated":true}]}}