{"id":5149,"date":"2025-05-30T06:00:00","date_gmt":"2025-05-30T04:00:00","guid":{"rendered":"https:\/\/www.almetalbahn-online.de\/?p=5149"},"modified":"2026-01-02T14:17:22","modified_gmt":"2026-01-02T13:17:22","slug":"nachruf-volkhard-rahmel","status":"publish","type":"post","link":"https:\/\/www.almetalbahn-online.de\/?p=5149","title":{"rendered":"Nachruf: Volkhard Rahmel"},"content":{"rendered":"\n<p><strong>Die AHE e.V. trauert um ihr langj\u00e4hriges Mitglied, den &#8222;Draisinenf\u00fchrer&#8220; Volkhard Rahmel<\/strong><br><br>Unmittelbar vor dem Fr\u00fchlingsfest kam die traurige Nachricht, dass Volkhard Rahmel, vielen sicherlich als <em>der <\/em>&#8222;Draisinenf\u00fchrer&#8220; bekannt, nach kurzer schwerer Krankheit im Alter von 75 Jahren verstorben ist. Dies ist umso tragischer, da die Almetalbahn, deren Mitglied er nahezu 45 Jahre gewesen ist, ihn im Rahmen dieser Veranstaltung aus dem aktiven Dienst verabschieden und seine Dienste w\u00fcrdigen wollte. Hierzu kann es nun nicht mehr kommen.<\/p>\n\n\n\n<p>Volkhard Rahmel stie\u00df im Jahre 1980 mehr oder weniger zuf\u00e4llig auf einer Motorradtour zu einer Veranstaltung der AHE in Bodenburg. Damals rechnete er sicherlich nicht damit, dass damit ein pr\u00e4gender Teil seines Lebens beginnen w\u00fcrde. Schnell wurde er mit seinen Ideen, seiner Hingabe und seinem zielstrebigen und dennoch ausgeglichenen Wesen ein wichtiger Teil des Vereins. Ganz besonders hatten es ihm die kleinen Fahrzeuge angetan: Draisinen. So pflegte er nach Kr\u00e4ften die Motordraisine Klv11 und ganz besonders die Handhebeldraisine, auf der er mit Generationen sicherlich tausende Kilometer zur\u00fcckgelegt hat. Vermutlich ist er Weltrekordhalter, was die zur\u00fcckgelegte Distanz auf diesem Verkehrsmittel betrifft. Aber Volkhard Rahmel machte sich nichts aus Rekorden und auch nichts aus Distanz. So war er immer nahbar und stellte sich uneigenn\u00fctzig in den Dienst der Sache. In fast 5 Jahrzehnten erlebte und gestaltete er die wechselvolle Geschichte der AHE aktiv mit. <\/p>\n\n\n\n<p>Ihm war es stets ein Anliegen, die Gemeinschaft zu unterst\u00fctzen. Dies tat er auf vielf\u00e4ltige Art und Weise. Sei es mit gekochten Eiern oder mit liebevoll gedeckten Tischen f\u00fcr die Aktiven. Auf diesen fand dann wie selbstverst\u00e4ndlich Kuchen und Br\u00f6tchen von B\u00e4ckereien ihren Platz, die das B\u00e4ckerhandwerk noch pflegten &#8211; darauf legte er gro\u00dfen Wert. Auch bot er immer ein offenes Ohr an. Seine laute, aber warme Stimme abends nach Feierabend, wenn es in den &#8222;\u00dcbernachtungswagen&#8220; ging, wird fehlen. In diesem Wagen verbrachte er zahllose N\u00e4chte, bevor er wieder in seinen Wohnort nach G\u00f6ttingen fuhr. Dieser Wagen dient bis zum heutigen Tage dem Verein als Aufenthaltsraum. Es ist Volkhards privater Weitsicht und ma\u00dfgeblich seinem Engagement zu verdanken, dass dieser Wagen als Raum in Almstedt zu Verf\u00fcgung steht. <\/p>\n\n\n\n<figure class=\"wp-block-image size-large\"><img decoding=\"async\" loading=\"lazy\" width=\"1024\" height=\"768\" src=\"https:\/\/www.almetalbahn-online.de\/wp-content\/uploads\/2025\/05\/DSCN3008-1024x768.jpg\" alt=\"\" class=\"wp-image-5160\" srcset=\"https:\/\/www.almetalbahn-online.de\/wp-content\/uploads\/2025\/05\/DSCN3008-1024x768.jpg 1024w, https:\/\/www.almetalbahn-online.de\/wp-content\/uploads\/2025\/05\/DSCN3008-300x225.jpg 300w, https:\/\/www.almetalbahn-online.de\/wp-content\/uploads\/2025\/05\/DSCN3008-768x576.jpg 768w, https:\/\/www.almetalbahn-online.de\/wp-content\/uploads\/2025\/05\/DSCN3008-1536x1152.jpg 1536w, https:\/\/www.almetalbahn-online.de\/wp-content\/uploads\/2025\/05\/DSCN3008-600x450.jpg 600w, https:\/\/www.almetalbahn-online.de\/wp-content\/uploads\/2025\/05\/DSCN3008.jpg 2048w\" sizes=\"(max-width: 1024px) 100vw, 1024px\" \/><figcaption class=\"wp-element-caption\">Volkhard Rahmel (auf der Draisine rechts; insgesamt 9. Person von links) im Kreise zahlreicher Vereinskameraden, ca. 2006, Sammlung Wolfram<\/figcaption><\/figure>\n\n\n\n<p>Seine Selbstverwirklichung konnte er dennoch in vielen Aktivit\u00e4ten finden: so pfl\u00fcckte er oft entlang des Weges aus G\u00f6ttingen nach Almstedt Fr\u00fcchte, um daraus sein &#8222;Dampflokfett&#8220; (Gelee) zu machen und f\u00fcr den Verein gewinnbringend anzubieten. Mit Witz und Hingabe kreierte er \u00fcber viele Jahre den Kalender der Almetalbahn. Auch k\u00fcmmerte er sich liebevoll um die Telefonanlage &#8211; Nachrichtentechnik hatte es ihm angetan. Er scherzte vor Veranstaltungen immer, dass er einen guten Draht zu Frau Holle h\u00e4tte, und, dass das Wetter schon gut werde.  <br>All dies wird nun ohne Volkhard Rahmel fehlen, sodass der Himmel am Wochenende aus gutem Grund seine Schleusen \u00f6ffnete.<\/p>\n\n\n\n<p>Wir sind sehr traurig und werden seiner in Ehren gedenken!<\/p>\n\n\n\n<p>Unsere Gedanken sind bei seinen Angeh\u00f6rigen.<\/p>\n\n\n\n<p>26.05.2025 &#8211; OS<\/p>\n","protected":false},"excerpt":{"rendered":"<p>Die AHE e.V. trauert um ihr langj\u00e4hriges Mitglied, den &#8222;Draisinenf\u00fchrer&#8220; Volkhard Rahmel Unmittelbar vor dem Fr\u00fchlingsfest kam die traurige Nachricht, dass Volkhard Rahmel, vielen sicherlich als der &#8222;Draisinenf\u00fchrer&#8220; bekannt, nach [&hellip;]<\/p>\n","protected":false},"author":3,"featured_media":5150,"comment_status":"closed","ping_status":"closed","sticky":false,"template":"","format":"standard","meta":{"_links_to":"","_links_to_target":""},"categories":[19],"tags":[],"yoast_head":"<!-- This site is optimized with the Yoast SEO plugin v21.0 - https:\/\/yoast.com\/wordpress\/plugins\/seo\/ -->\n<title>Nachruf: Volkhard Rahmel - Arbeitsgemeinschaft Historische Eisenbahn e.V.<\/title>\n<meta name=\"robots\" content=\"index, follow, max-snippet:-1, max-image-preview:large, max-video-preview:-1\" \/>\n<link rel=\"canonical\" href=\"https:\/\/www.almetalbahn-online.de\/?p=5149\" \/>\n<meta property=\"og:locale\" content=\"de_DE\" \/>\n<meta property=\"og:type\" content=\"article\" \/>\n<meta property=\"og:title\" content=\"Nachruf: Volkhard Rahmel - Arbeitsgemeinschaft Historische Eisenbahn e.V.\" \/>\n<meta property=\"og:description\" content=\"Die AHE e.V. trauert um ihr langj\u00e4hriges Mitglied, den &#8222;Draisinenf\u00fchrer&#8220; Volkhard Rahmel Unmittelbar vor dem Fr\u00fchlingsfest kam die traurige Nachricht, dass Volkhard Rahmel, vielen sicherlich als der &#8222;Draisinenf\u00fchrer&#8220; bekannt, nach [&hellip;]\" \/>\n<meta property=\"og:url\" content=\"https:\/\/www.almetalbahn-online.de\/?p=5149\" \/>\n<meta property=\"og:site_name\" content=\"Arbeitsgemeinschaft Historische Eisenbahn e.V.\" \/>\n<meta property=\"article:publisher\" content=\"https:\/\/www.facebook.com\/Almetalbahn\/\" \/>\n<meta property=\"article:published_time\" content=\"2025-05-30T04:00:00+00:00\" \/>\n<meta property=\"article:modified_time\" content=\"2026-01-02T13:17:22+00:00\" \/>\n<meta property=\"og:image\" content=\"https:\/\/www.almetalbahn-online.de\/wp-content\/uploads\/2025\/05\/Fest12.10.14-068-11.jpg\" \/>\n\t<meta property=\"og:image:width\" content=\"1920\" \/>\n\t<meta property=\"og:image:height\" content=\"1276\" \/>\n\t<meta property=\"og:image:type\" content=\"image\/jpeg\" \/>\n<meta name=\"author\" content=\"Oliver Schaer\" \/>\n<meta name=\"twitter:card\" content=\"summary_large_image\" \/>\n<meta name=\"twitter:label1\" content=\"Verfasst von\" \/>\n\t<meta name=\"twitter:data1\" content=\"Oliver Schaer\" \/>\n\t<meta name=\"twitter:label2\" content=\"Gesch\u00e4tzte Lesezeit\" \/>\n\t<meta name=\"twitter:data2\" content=\"3\u00a0Minuten\" \/>\n<script type=\"application\/ld+json\" class=\"yoast-schema-graph\">{\"@context\":\"https:\/\/schema.org\",\"@graph\":[{\"@type\":\"Article\",\"@id\":\"https:\/\/www.almetalbahn-online.de\/?p=5149#article\",\"isPartOf\":{\"@id\":\"https:\/\/www.almetalbahn-online.de\/?p=5149\"},\"author\":{\"name\":\"Oliver Schaer\",\"@id\":\"https:\/\/www.almetalbahn-online.de\/#\/schema\/person\/b0828570a7b6ca612f54633269051789\"},\"headline\":\"Nachruf: Volkhard Rahmel\",\"datePublished\":\"2025-05-30T04:00:00+00:00\",\"dateModified\":\"2026-01-02T13:17:22+00:00\",\"mainEntityOfPage\":{\"@id\":\"https:\/\/www.almetalbahn-online.de\/?p=5149\"},\"wordCount\":514,\"publisher\":{\"@id\":\"https:\/\/www.almetalbahn-online.de\/#organization\"},\"articleSection\":[\"Aktuelles\"],\"inLanguage\":\"de\"},{\"@type\":\"WebPage\",\"@id\":\"https:\/\/www.almetalbahn-online.de\/?p=5149\",\"url\":\"https:\/\/www.almetalbahn-online.de\/?p=5149\",\"name\":\"Nachruf: Volkhard Rahmel - Arbeitsgemeinschaft Historische Eisenbahn e.V.\",\"isPartOf\":{\"@id\":\"https:\/\/www.almetalbahn-online.de\/#website\"},\"datePublished\":\"2025-05-30T04:00:00+00:00\",\"dateModified\":\"2026-01-02T13:17:22+00:00\",\"breadcrumb\":{\"@id\":\"https:\/\/www.almetalbahn-online.de\/?p=5149#breadcrumb\"},\"inLanguage\":\"de\",\"potentialAction\":[{\"@type\":\"ReadAction\",\"target\":[\"https:\/\/www.almetalbahn-online.de\/?p=5149\"]}]},{\"@type\":\"BreadcrumbList\",\"@id\":\"https:\/\/www.almetalbahn-online.de\/?p=5149#breadcrumb\",\"itemListElement\":[{\"@type\":\"ListItem\",\"position\":1,\"name\":\"Startseite\",\"item\":\"https:\/\/www.almetalbahn-online.de\/\"},{\"@type\":\"ListItem\",\"position\":2,\"name\":\"Nachruf: Volkhard Rahmel\"}]},{\"@type\":\"WebSite\",\"@id\":\"https:\/\/www.almetalbahn-online.de\/#website\",\"url\":\"https:\/\/www.almetalbahn-online.de\/\",\"name\":\"Arbeitsgemeinschaft Historische Eisenbahn e.V.\",\"description\":\"Almetalbahn\",\"publisher\":{\"@id\":\"https:\/\/www.almetalbahn-online.de\/#organization\"},\"potentialAction\":[{\"@type\":\"SearchAction\",\"target\":{\"@type\":\"EntryPoint\",\"urlTemplate\":\"https:\/\/www.almetalbahn-online.de\/?s={search_term_string}\"},\"query-input\":\"required name=search_term_string\"}],\"inLanguage\":\"de\"},{\"@type\":\"Organization\",\"@id\":\"https:\/\/www.almetalbahn-online.de\/#organization\",\"name\":\"Arbeitsgemeinschaft Historische Eisenbahn e.V.\",\"url\":\"https:\/\/www.almetalbahn-online.de\/\",\"logo\":{\"@type\":\"ImageObject\",\"inLanguage\":\"de\",\"@id\":\"https:\/\/www.almetalbahn-online.de\/#\/schema\/logo\/image\/\",\"url\":\"https:\/\/www.almetalbahn-online.de\/wp-content\/uploads\/2019\/12\/T3_Zeichnung-e1573062427353.png\",\"contentUrl\":\"https:\/\/www.almetalbahn-online.de\/wp-content\/uploads\/2019\/12\/T3_Zeichnung-e1573062427353.png\",\"width\":200,\"height\":97,\"caption\":\"Arbeitsgemeinschaft Historische Eisenbahn e.V.\"},\"image\":{\"@id\":\"https:\/\/www.almetalbahn-online.de\/#\/schema\/logo\/image\/\"},\"sameAs\":[\"https:\/\/www.facebook.com\/Almetalbahn\/\",\"https:\/\/www.instagram.com\/almetalbahn\/\"]},{\"@type\":\"Person\",\"@id\":\"https:\/\/www.almetalbahn-online.de\/#\/schema\/person\/b0828570a7b6ca612f54633269051789\",\"name\":\"Oliver Schaer\",\"image\":{\"@type\":\"ImageObject\",\"inLanguage\":\"de\",\"@id\":\"https:\/\/www.almetalbahn-online.de\/#\/schema\/person\/image\/\",\"url\":\"https:\/\/secure.gravatar.com\/avatar\/12f2e60f42b773b234c8115d50938d7b?s=96&d=mm&r=g\",\"contentUrl\":\"https:\/\/secure.gravatar.com\/avatar\/12f2e60f42b773b234c8115d50938d7b?s=96&d=mm&r=g\",\"caption\":\"Oliver Schaer\"},\"url\":\"https:\/\/www.almetalbahn-online.de\/?author=3\"}]}<\/script>\n<!-- \/ Yoast SEO plugin. -->","yoast_head_json":{"title":"Nachruf: Volkhard Rahmel - Arbeitsgemeinschaft Historische Eisenbahn e.V.","robots":{"index":"index","follow":"follow","max-snippet":"max-snippet:-1","max-image-preview":"max-image-preview:large","max-video-preview":"max-video-preview:-1"},"canonical":"https:\/\/www.almetalbahn-online.de\/?p=5149","og_locale":"de_DE","og_type":"article","og_title":"Nachruf: Volkhard Rahmel - Arbeitsgemeinschaft Historische Eisenbahn e.V.","og_description":"Die AHE e.V. trauert um ihr langj\u00e4hriges Mitglied, den &#8222;Draisinenf\u00fchrer&#8220; Volkhard Rahmel Unmittelbar vor dem Fr\u00fchlingsfest kam die traurige Nachricht, dass Volkhard Rahmel, vielen sicherlich als der &#8222;Draisinenf\u00fchrer&#8220; bekannt, nach [&hellip;]","og_url":"https:\/\/www.almetalbahn-online.de\/?p=5149","og_site_name":"Arbeitsgemeinschaft Historische Eisenbahn e.V.","article_publisher":"https:\/\/www.facebook.com\/Almetalbahn\/","article_published_time":"2025-05-30T04:00:00+00:00","article_modified_time":"2026-01-02T13:17:22+00:00","og_image":[{"width":1920,"height":1276,"url":"https:\/\/www.almetalbahn-online.de\/wp-content\/uploads\/2025\/05\/Fest12.10.14-068-11.jpg","type":"image\/jpeg"}],"author":"Oliver Schaer","twitter_card":"summary_large_image","twitter_misc":{"Verfasst von":"Oliver Schaer","Gesch\u00e4tzte Lesezeit":"3\u00a0Minuten"},"schema":{"@context":"https:\/\/schema.org","@graph":[{"@type":"Article","@id":"https:\/\/www.almetalbahn-online.de\/?p=5149#article","isPartOf":{"@id":"https:\/\/www.almetalbahn-online.de\/?p=5149"},"author":{"name":"Oliver Schaer","@id":"https:\/\/www.almetalbahn-online.de\/#\/schema\/person\/b0828570a7b6ca612f54633269051789"},"headline":"Nachruf: Volkhard Rahmel","datePublished":"2025-05-30T04:00:00+00:00","dateModified":"2026-01-02T13:17:22+00:00","mainEntityOfPage":{"@id":"https:\/\/www.almetalbahn-online.de\/?p=5149"},"wordCount":514,"publisher":{"@id":"https:\/\/www.almetalbahn-online.de\/#organization"},"articleSection":["Aktuelles"],"inLanguage":"de"},{"@type":"WebPage","@id":"https:\/\/www.almetalbahn-online.de\/?p=5149","url":"https:\/\/www.almetalbahn-online.de\/?p=5149","name":"Nachruf: Volkhard Rahmel - Arbeitsgemeinschaft Historische Eisenbahn e.V.","isPartOf":{"@id":"https:\/\/www.almetalbahn-online.de\/#website"},"datePublished":"2025-05-30T04:00:00+00:00","dateModified":"2026-01-02T13:17:22+00:00","breadcrumb":{"@id":"https:\/\/www.almetalbahn-online.de\/?p=5149#breadcrumb"},"inLanguage":"de","potentialAction":[{"@type":"ReadAction","target":["https:\/\/www.almetalbahn-online.de\/?p=5149"]}]},{"@type":"BreadcrumbList","@id":"https:\/\/www.almetalbahn-online.de\/?p=5149#breadcrumb","itemListElement":[{"@type":"ListItem","position":1,"name":"Startseite","item":"https:\/\/www.almetalbahn-online.de\/"},{"@type":"ListItem","position":2,"name":"Nachruf: Volkhard Rahmel"}]},{"@type":"WebSite","@id":"https:\/\/www.almetalbahn-online.de\/#website","url":"https:\/\/www.almetalbahn-online.de\/","name":"Arbeitsgemeinschaft Historische Eisenbahn e.V.","description":"Almetalbahn","publisher":{"@id":"https:\/\/www.almetalbahn-online.de\/#organization"},"potentialAction":[{"@type":"SearchAction","target":{"@type":"EntryPoint","urlTemplate":"https:\/\/www.almetalbahn-online.de\/?s={search_term_string}"},"query-input":"required name=search_term_string"}],"inLanguage":"de"},{"@type":"Organization","@id":"https:\/\/www.almetalbahn-online.de\/#organization","name":"Arbeitsgemeinschaft Historische Eisenbahn e.V.","url":"https:\/\/www.almetalbahn-online.de\/","logo":{"@type":"ImageObject","inLanguage":"de","@id":"https:\/\/www.almetalbahn-online.de\/#\/schema\/logo\/image\/","url":"https:\/\/www.almetalbahn-online.de\/wp-content\/uploads\/2019\/12\/T3_Zeichnung-e1573062427353.png","contentUrl":"https:\/\/www.almetalbahn-online.de\/wp-content\/uploads\/2019\/12\/T3_Zeichnung-e1573062427353.png","width":200,"height":97,"caption":"Arbeitsgemeinschaft Historische Eisenbahn e.V."},"image":{"@id":"https:\/\/www.almetalbahn-online.de\/#\/schema\/logo\/image\/"},"sameAs":["https:\/\/www.facebook.com\/Almetalbahn\/","https:\/\/www.instagram.com\/almetalbahn\/"]},{"@type":"Person","@id":"https:\/\/www.almetalbahn-online.de\/#\/schema\/person\/b0828570a7b6ca612f54633269051789","name":"Oliver Schaer","image":{"@type":"ImageObject","inLanguage":"de","@id":"https:\/\/www.almetalbahn-online.de\/#\/schema\/person\/image\/","url":"https:\/\/secure.gravatar.com\/avatar\/12f2e60f42b773b234c8115d50938d7b?s=96&d=mm&r=g","contentUrl":"https:\/\/secure.gravatar.com\/avatar\/12f2e60f42b773b234c8115d50938d7b?s=96&d=mm&r=g","caption":"Oliver Schaer"},"url":"https:\/\/www.almetalbahn-online.de\/?author=3"}]}},"_links":{"self":[{"href":"https:\/\/www.almetalbahn-online.de\/index.php?rest_route=\/wp\/v2\/posts\/5149"}],"collection":[{"href":"https:\/\/www.almetalbahn-online.de\/index.php?rest_route=\/wp\/v2\/posts"}],"about":[{"href":"https:\/\/www.almetalbahn-online.de\/index.php?rest_route=\/wp\/v2\/types\/post"}],"author":[{"embeddable":true,"href":"https:\/\/www.almetalbahn-online.de\/index.php?rest_route=\/wp\/v2\/users\/3"}],"replies":[{"embeddable":true,"href":"https:\/\/www.almetalbahn-online.de\/index.php?rest_route=%2Fwp%2Fv2%2Fcomments&post=5149"}],"version-history":[{"count":10,"href":"https:\/\/www.almetalbahn-online.de\/index.php?rest_route=\/wp\/v2\/posts\/5149\/revisions"}],"predecessor-version":[{"id":5521,"href":"https:\/\/www.almetalbahn-online.de\/index.php?rest_route=\/wp\/v2\/posts\/5149\/revisions\/5521"}],"wp:featuredmedia":[{"embeddable":true,"href":"https:\/\/www.almetalbahn-online.de\/index.php?rest_route=\/wp\/v2\/media\/5150"}],"wp:attachment":[{"href":"https:\/\/www.almetalbahn-online.de\/index.php?rest_route=%2Fwp%2Fv2%2Fmedia&parent=5149"}],"wp:term":[{"taxonomy":"category","embeddable":true,"href":"https:\/\/www.almetalbahn-online.de\/index.php?rest_route=%2Fwp%2Fv2%2Fcategories&post=5149"},{"taxonomy":"post_tag","embeddable":true,"href":"https:\/\/www.almetalbahn-online.de\/index.php?rest_route=%2Fwp%2Fv2%2Ftags&post=5149"}],"curies":[{"name":"wp","href":"https:\/\/api.w.org\/{rel}","templated":true}]}}