{"id":5346,"date":"2025-08-26T09:21:48","date_gmt":"2025-08-26T07:21:48","guid":{"rendered":"https:\/\/www.almetalbahn-online.de\/?p=5346"},"modified":"2025-08-29T15:24:25","modified_gmt":"2025-08-29T13:24:25","slug":"die-ahe-auf-grosser-fahrt-zwei-fahrzeuge-der-ahe-verlassen-das-heimische-gefilde-eines-ist-sogar-zu-fusse-der-alpen","status":"publish","type":"post","link":"https:\/\/www.almetalbahn-online.de\/?p=5346","title":{"rendered":"Die AHE auf gro\u00dfer Fahrt"},"content":{"rendered":"\n<p>Wenn Fahrzeuge der AHE auf Reisen gehen, ist das immer besonders und einen Bericht wert.<\/p>\n\n\n\n<p>So war zum Beispiel die <a href=\"https:\/\/www.almetalbahn-online.de\/?page_id=2072\">Handhebeldraisine<\/a> schon oft in Alfeld (Leine) im Weltkulturerbe Fagus-Werk oder im legend\u00e4ren Bielefeld. Der 22.08.2025 war dennoch in vielfacher Hinsicht ein ganz besonderer Tag f\u00fcr die Draisine und uns:<br>Harald Strube schnallte sie zusammen mit Herbert Severitt auf den Transportanh\u00e4nger, aber was sie dann ins Navi eingegeben haben, hat es so noch nie gegeben: Freilassing. Das Freilassing in Bayern, am Fu\u00dfe der Alpen, an der Grenze zu \u00d6sterreich!<\/p>\n\n\n\n<figure class=\"wp-block-image size-large\"><img decoding=\"async\" loading=\"lazy\" width=\"1024\" height=\"768\" src=\"https:\/\/www.almetalbahn-online.de\/wp-content\/uploads\/2025\/08\/IMG-20250827-WA0002-1024x768.jpg\" alt=\"Die Draisine am Freitagmorgen, 22.08.2025, bereit zur Abfahrt nach Freilassing\" class=\"wp-image-5429\" srcset=\"https:\/\/www.almetalbahn-online.de\/wp-content\/uploads\/2025\/08\/IMG-20250827-WA0002-1024x768.jpg 1024w, https:\/\/www.almetalbahn-online.de\/wp-content\/uploads\/2025\/08\/IMG-20250827-WA0002-300x225.jpg 300w, https:\/\/www.almetalbahn-online.de\/wp-content\/uploads\/2025\/08\/IMG-20250827-WA0002-768x576.jpg 768w, https:\/\/www.almetalbahn-online.de\/wp-content\/uploads\/2025\/08\/IMG-20250827-WA0002-1536x1153.jpg 1536w, https:\/\/www.almetalbahn-online.de\/wp-content\/uploads\/2025\/08\/IMG-20250827-WA0002-600x450.jpg 600w, https:\/\/www.almetalbahn-online.de\/wp-content\/uploads\/2025\/08\/IMG-20250827-WA0002.jpg 1599w\" sizes=\"(max-width: 1024px) 100vw, 1024px\" \/><figcaption class=\"wp-element-caption\">Die Draisine am Freitagmorgen, 22.08.2025, bereit zur Abfahrt nach Freilassing, Bild: H. Strube<\/figcaption><\/figure>\n\n\n\n<p>Die Lokwelt Freilassing hatte die AHE zu ihrer Veranstaltung \u201eAlles Eisenbahn!\u201c am 23.\/24. August 2025 eingeladen und da lassen sich die Almetalbahner nat\u00fcrlich nicht zweimal bitten und machten sich auf die Fahrt dorthin. Nach gut 9 Stunden Fahrt war das Ziel am Freitagabend erreicht und die Handhebeldraisine wurde sogleich auf 421 Meter H\u00f6he \u00fcber Normalnull eingegleist.<\/p>\n\n\n\n<figure class=\"wp-block-image size-large\"><img decoding=\"async\" loading=\"lazy\" width=\"1024\" height=\"768\" src=\"https:\/\/www.almetalbahn-online.de\/wp-content\/uploads\/2025\/08\/IMG-20250827-WA0003-1024x768.jpg\" alt=\"Erste vorsichtige Tuchf\u00fchlung mit den Fahrzeugen in der Lokwelt Freilassing\" class=\"wp-image-5430\" srcset=\"https:\/\/www.almetalbahn-online.de\/wp-content\/uploads\/2025\/08\/IMG-20250827-WA0003-1024x768.jpg 1024w, https:\/\/www.almetalbahn-online.de\/wp-content\/uploads\/2025\/08\/IMG-20250827-WA0003-300x225.jpg 300w, https:\/\/www.almetalbahn-online.de\/wp-content\/uploads\/2025\/08\/IMG-20250827-WA0003-768x576.jpg 768w, https:\/\/www.almetalbahn-online.de\/wp-content\/uploads\/2025\/08\/IMG-20250827-WA0003-1536x1153.jpg 1536w, https:\/\/www.almetalbahn-online.de\/wp-content\/uploads\/2025\/08\/IMG-20250827-WA0003-600x450.jpg 600w, https:\/\/www.almetalbahn-online.de\/wp-content\/uploads\/2025\/08\/IMG-20250827-WA0003.jpg 1599w\" sizes=\"(max-width: 1024px) 100vw, 1024px\" \/><figcaption class=\"wp-element-caption\">Erste vorsichtige Tuchf\u00fchlung mit den Fahrzeugen in der Lokwelt Freilassing<\/figcaption><\/figure>\n\n\n\n<figure class=\"wp-block-image size-large\"><img decoding=\"async\" loading=\"lazy\" width=\"1024\" height=\"769\" src=\"https:\/\/www.almetalbahn-online.de\/wp-content\/uploads\/2025\/08\/image_Fahrzeugtransport_007-1024x769.jpg\" alt=\"Die Handhebeldraisine in Nachbarschaft zu V60 und K-Wagen\" class=\"wp-image-5392\" srcset=\"https:\/\/www.almetalbahn-online.de\/wp-content\/uploads\/2025\/08\/image_Fahrzeugtransport_007-1024x769.jpg 1024w, https:\/\/www.almetalbahn-online.de\/wp-content\/uploads\/2025\/08\/image_Fahrzeugtransport_007-300x225.jpg 300w, https:\/\/www.almetalbahn-online.de\/wp-content\/uploads\/2025\/08\/image_Fahrzeugtransport_007-768x576.jpg 768w, https:\/\/www.almetalbahn-online.de\/wp-content\/uploads\/2025\/08\/image_Fahrzeugtransport_007-600x450.jpg 600w, https:\/\/www.almetalbahn-online.de\/wp-content\/uploads\/2025\/08\/image_Fahrzeugtransport_007.jpg 1439w\" sizes=\"(max-width: 1024px) 100vw, 1024px\" \/><figcaption class=\"wp-element-caption\">Die Handhebeldraisine in Nachbarschaft zu V60 und K-Wagen<\/figcaption><\/figure>\n\n\n\n<figure class=\"wp-block-image size-large\"><img decoding=\"async\" loading=\"lazy\" width=\"1024\" height=\"576\" src=\"https:\/\/www.almetalbahn-online.de\/wp-content\/uploads\/2025\/08\/image_Fahrzeugtransport_008-1024x576.jpg\" alt=\"Die Handhebeldraisine und die Alpen im Hintergrund\" class=\"wp-image-5393\" srcset=\"https:\/\/www.almetalbahn-online.de\/wp-content\/uploads\/2025\/08\/image_Fahrzeugtransport_008-1024x576.jpg 1024w, https:\/\/www.almetalbahn-online.de\/wp-content\/uploads\/2025\/08\/image_Fahrzeugtransport_008-300x169.jpg 300w, https:\/\/www.almetalbahn-online.de\/wp-content\/uploads\/2025\/08\/image_Fahrzeugtransport_008-768x432.jpg 768w, https:\/\/www.almetalbahn-online.de\/wp-content\/uploads\/2025\/08\/image_Fahrzeugtransport_008-1536x864.jpg 1536w, https:\/\/www.almetalbahn-online.de\/wp-content\/uploads\/2025\/08\/image_Fahrzeugtransport_008-600x338.jpg 600w, https:\/\/www.almetalbahn-online.de\/wp-content\/uploads\/2025\/08\/image_Fahrzeugtransport_008.jpg 1920w\" sizes=\"(max-width: 1024px) 100vw, 1024px\" \/><figcaption class=\"wp-element-caption\">Die Handhebeldraisine und die Alpen im Hintergrund, Bild: H. Severitt<\/figcaption><\/figure>\n\n\n\n<p>Unterdessen war auch in Almstedt \u2013 Segeste ein bewegter Freitag. Die 124 Jahre alte <a href=\"https:\/\/www.almetalbahn-online.de\/?page_id=615\">Dampflok T3 \u201eSchunter\u201c<\/a> ist eine unglaublich begehrte Lokomotive:<br>So hatte sie Mitte August nach unserem zweiten Sommerfest noch einen relativ spontanen Einsatz im Rahmen des Besuchs einer Busreisegruppe. Der letzte Einsatz dieser Art liegt schon mehr als zehn Jahre zur\u00fcck. Mehr als 25 Jahre liegt das letzte Ereignis der Art zur\u00fcck, was nun am Freitag, 22.02.2025, folgen sollte: die T3 geht auf Reisen und f\u00e4hrt auf anderen Gleisen!<\/p>\n\n\n\n<p>Die Fa. K+S AG, Werk Bad Salzdetfurth m\u00f6chte mit der T3 \u201eSchunter\u201c die firmeninterne Feier von 5.000.000 Tonnen Katzenstreuproduktion seit 1992 mit dem Technikdenkmal von der Fa. Hanomag aus Hannover bereichern! Und nicht nur das: die Lok soll auch im dortigen Lokschuppen eine vorr\u00fcbergehende Heimat finden und am 20.09.2025 im Rahmen der Feierlichkeiten zu 125 Jahre Lammetalbahn und 125 Jahre Abteufung von Schacht 1 zum Einsatz kommen.<\/p>\n\n\n\n<p>Mit dieser Anfrage trat ein Planungsteam um Jannik Wagner und Oliver Schaer zusammen und organisierte zun\u00e4chst die Rahmenbedingungen: <br>Bei einem Transport einer Dampflokomotive, noch dazu in einem engen Zeitrahmen, sind erfahrene Partner wichtig. Diesen fanden wir f\u00fcr die Kran- und Transportarbeiten in der Fa. K&amp;W Autokrane. Auch die Versorgung mit Wasser in entsprechender Qualit\u00e4t ist wichtig und w\u00fcrde dankenswerterweise \u00fcber die Fa. K+S AG erfolgen k\u00f6nnen. Nachdem zudem ausreichend Lokomotivkohle f\u00fcr die zus\u00e4tzlichen Fahrtage und alle kaufm\u00e4nnischen Details organisiert waren, konnte gr\u00fcnes Licht f\u00fcr die Aktion gegeben werden. Einzige Herausforderung: es soll so lang wie m\u00f6glich eine \u00dcberraschung bleiben! Obwohl alle erforderlichen Gremien und auch die Presse vorab eingebunden waren, gelang dies pr\u00e4chtig!<\/p>\n\n\n\n<p>Ein Dank an alle, die das Ganze erm\u00f6glicht haben!<\/p>\n\n\n\n<p>So war dann auch die Fa. K&amp;W am Morgen des 22.08. in aller Fr\u00fche am Museumsbahnhof Almstedt \u2013 Segeste, um die von Kai Frob\u00f6se, Christian Bokelmann und Adrian Lindner vorbereitete Lok an den Haken zu nehmen. Mit zwei Autokr\u00e4nen und einem Tieflader ging die Aktion gut von Statten und \u00fcber Wrisbergholzen, Adenstedt und Sehlem erreichte der Tross noch vor dem Mittag das Werk von K+S in Bad Salzdetfurth. Dort wurde die Lok von den zwei Kr\u00e4nen sogleich auf die Gleise des Werkanschlusses gestellt. Am Abend stand die \u201eSchunter\u201c auf dem Gleis, auf dem unsere Lokomotive <a href=\"https:\/\/www.almetalbahn-online.de\/?page_id=931\">MaK 450 C \u201eSalzi\u201c<\/a> gut vier Jahrzehnte ihres Lokomotivlebens ein Dach \u00fcber dem Kopf hatte: dem Lokschuppengleis. <\/p>\n\n\n\n<figure class=\"wp-block-image size-large\"><img decoding=\"async\" loading=\"lazy\" width=\"1024\" height=\"576\" src=\"https:\/\/www.almetalbahn-online.de\/wp-content\/uploads\/2025\/08\/image_Fahrzeugtransport_004-1024x576.jpg\" alt=\"Almstedt - Segeste: Die Vorbereitungen f\u00fcr die Verladung der T3 &quot;Schunter&quot; sind angelaufen\" class=\"wp-image-5389\" srcset=\"https:\/\/www.almetalbahn-online.de\/wp-content\/uploads\/2025\/08\/image_Fahrzeugtransport_004-1024x576.jpg 1024w, https:\/\/www.almetalbahn-online.de\/wp-content\/uploads\/2025\/08\/image_Fahrzeugtransport_004-300x169.jpg 300w, https:\/\/www.almetalbahn-online.de\/wp-content\/uploads\/2025\/08\/image_Fahrzeugtransport_004-768x432.jpg 768w, https:\/\/www.almetalbahn-online.de\/wp-content\/uploads\/2025\/08\/image_Fahrzeugtransport_004-1536x864.jpg 1536w, https:\/\/www.almetalbahn-online.de\/wp-content\/uploads\/2025\/08\/image_Fahrzeugtransport_004-600x338.jpg 600w, https:\/\/www.almetalbahn-online.de\/wp-content\/uploads\/2025\/08\/image_Fahrzeugtransport_004.jpg 1920w\" sizes=\"(max-width: 1024px) 100vw, 1024px\" \/><figcaption class=\"wp-element-caption\">Almstedt &#8211; Segeste: Die Vorbereitungen f\u00fcr die Verladung der T3 &#8222;Schunter&#8220; sind angelaufen<\/figcaption><\/figure>\n\n\n\n<figure class=\"wp-block-image size-large\"><img decoding=\"async\" loading=\"lazy\" width=\"576\" height=\"1024\" src=\"https:\/\/www.almetalbahn-online.de\/wp-content\/uploads\/2025\/08\/image_Fahrzeugtransport_005-576x1024.jpg\" alt=\"Die T3 &quot;Schunter&quot; ist verladen und nach Pr\u00fcfung der tats\u00e4chlichen H\u00f6he bereit f\u00fcr die Abfahrt.\" class=\"wp-image-5390\" srcset=\"https:\/\/www.almetalbahn-online.de\/wp-content\/uploads\/2025\/08\/image_Fahrzeugtransport_005-576x1024.jpg 576w, https:\/\/www.almetalbahn-online.de\/wp-content\/uploads\/2025\/08\/image_Fahrzeugtransport_005-169x300.jpg 169w, https:\/\/www.almetalbahn-online.de\/wp-content\/uploads\/2025\/08\/image_Fahrzeugtransport_005-600x1066.jpg 600w, https:\/\/www.almetalbahn-online.de\/wp-content\/uploads\/2025\/08\/image_Fahrzeugtransport_005.jpg 608w\" sizes=\"(max-width: 576px) 100vw, 576px\" \/><figcaption class=\"wp-element-caption\">Die T3 &#8222;Schunter&#8220; ist verladen und nach Pr\u00fcfung der tats\u00e4chlichen H\u00f6he bereit f\u00fcr die Abfahrt. Bild: H. Klages<\/figcaption><\/figure>\n\n\n\n<figure class=\"wp-block-image size-large\"><img decoding=\"async\" loading=\"lazy\" width=\"1024\" height=\"576\" src=\"https:\/\/www.almetalbahn-online.de\/wp-content\/uploads\/2025\/08\/image_Fahrzeugtransport_003-1024x576.jpg\" alt=\"Bad Salzdetfurth: nach erfolgreichem Transport schwebt die Lok auf den Gleisen von K+S ein\" class=\"wp-image-5388\" srcset=\"https:\/\/www.almetalbahn-online.de\/wp-content\/uploads\/2025\/08\/image_Fahrzeugtransport_003-1024x576.jpg 1024w, https:\/\/www.almetalbahn-online.de\/wp-content\/uploads\/2025\/08\/image_Fahrzeugtransport_003-300x169.jpg 300w, https:\/\/www.almetalbahn-online.de\/wp-content\/uploads\/2025\/08\/image_Fahrzeugtransport_003-768x432.jpg 768w, https:\/\/www.almetalbahn-online.de\/wp-content\/uploads\/2025\/08\/image_Fahrzeugtransport_003-1536x864.jpg 1536w, https:\/\/www.almetalbahn-online.de\/wp-content\/uploads\/2025\/08\/image_Fahrzeugtransport_003-600x338.jpg 600w, https:\/\/www.almetalbahn-online.de\/wp-content\/uploads\/2025\/08\/image_Fahrzeugtransport_003.jpg 1920w\" sizes=\"(max-width: 1024px) 100vw, 1024px\" \/><figcaption class=\"wp-element-caption\">Bad Salzdetfurth: nach erfolgreichem Transport schwebt die Lok auf den Gleisen von K+S ein, im Hintergrund die Cargo-Bedienfahrt. Bild: H. Klages<\/figcaption><\/figure>\n\n\n\n<figure class=\"wp-block-image size-large\"><img decoding=\"async\" loading=\"lazy\" width=\"1024\" height=\"576\" src=\"https:\/\/www.almetalbahn-online.de\/wp-content\/uploads\/2025\/08\/image_Fahrzeugtransport_001-1024x576.jpg\" alt=\"Das Team der Fa. K&amp;W Autokrane sowie die Mitglieder der AHE, die den Transport begleitet haben, ist zufrieden\" class=\"wp-image-5386\" srcset=\"https:\/\/www.almetalbahn-online.de\/wp-content\/uploads\/2025\/08\/image_Fahrzeugtransport_001-1024x576.jpg 1024w, https:\/\/www.almetalbahn-online.de\/wp-content\/uploads\/2025\/08\/image_Fahrzeugtransport_001-300x169.jpg 300w, https:\/\/www.almetalbahn-online.de\/wp-content\/uploads\/2025\/08\/image_Fahrzeugtransport_001-768x432.jpg 768w, https:\/\/www.almetalbahn-online.de\/wp-content\/uploads\/2025\/08\/image_Fahrzeugtransport_001-1536x864.jpg 1536w, https:\/\/www.almetalbahn-online.de\/wp-content\/uploads\/2025\/08\/image_Fahrzeugtransport_001-600x338.jpg 600w, https:\/\/www.almetalbahn-online.de\/wp-content\/uploads\/2025\/08\/image_Fahrzeugtransport_001.jpg 1920w\" sizes=\"(max-width: 1024px) 100vw, 1024px\" \/><figcaption class=\"wp-element-caption\">Das Team aus Mitarbeitern der Firmen K+S AG, Werk Bad Salzdetfurth, K&amp;W Autokrane sowie Mitgliedern der AHE ist zufrieden: der Transport lief reibungslos ab! Bild: K+S<\/figcaption><\/figure>\n\n\n\n<p>Wie faktisch immer, wenn die T3 im Rahmen ihres langen Lokomotivlebens auf Reise ging, ging alles glatt. Die Maschine lie\u00df sich nach der Komplettierung am Abend des 22.08. am fr\u00fchen Morgen des Folgetags problemlos anheizen und absolvierte die Fahrten auf den Werkgleisen von K+S tadellos. Unsere denkmalgesch\u00fctzte Dame begeisterte nicht nur Belegschaft und G\u00e4ste von K+S, sondern zog auch von \u00f6ffentlich zug\u00e4nglichen Bereichen zahlreiche Blicke auf sich. Egal ob am \u00f6ffentlichen Bahnsteig des Haltepunkts Bad Salzdetfurth, der Ladestra\u00dfe oder den Br\u00fccken im Bad Salzdetfurther Raum: \u00fcberall blieben Menschen stehen, um dieses Spektakel zu sehen oder auch mit der Kamera festzuhalten. <\/p>\n\n\n\n<figure class=\"wp-block-image size-large\"><img decoding=\"async\" loading=\"lazy\" width=\"683\" height=\"1024\" src=\"https:\/\/www.almetalbahn-online.de\/wp-content\/uploads\/2025\/08\/image_KS_Badse_230825_017-683x1024.jpg\" alt=\"Die T3 &quot;Schunter&quot; auf den Werkgleisen der Fa. K+S von der Bahnhofsstra\u00dfe aus. Im Hintergrund das F\u00f6rderger\u00fcst \u00fcber Schacht 1\" class=\"wp-image-5364\" srcset=\"https:\/\/www.almetalbahn-online.de\/wp-content\/uploads\/2025\/08\/image_KS_Badse_230825_017-683x1024.jpg 683w, https:\/\/www.almetalbahn-online.de\/wp-content\/uploads\/2025\/08\/image_KS_Badse_230825_017-200x300.jpg 200w, https:\/\/www.almetalbahn-online.de\/wp-content\/uploads\/2025\/08\/image_KS_Badse_230825_017-600x900.jpg 600w, https:\/\/www.almetalbahn-online.de\/wp-content\/uploads\/2025\/08\/image_KS_Badse_230825_017.jpg 720w\" sizes=\"(max-width: 683px) 100vw, 683px\" \/><figcaption class=\"wp-element-caption\">Die T3 &#8222;Schunter&#8220; auf den Werkgleisen der Fa. K+S von der Bahnhofsstra\u00dfe aus. Im Hintergrund das F\u00f6rderger\u00fcst \u00fcber Schacht 1. Bild: O. Schaer<\/figcaption><\/figure>\n\n\n\n<figure class=\"wp-block-image size-large\"><img decoding=\"async\" loading=\"lazy\" width=\"1024\" height=\"683\" src=\"https:\/\/www.almetalbahn-online.de\/wp-content\/uploads\/2025\/08\/image_KS_Badse_230825_016-1024x683.jpg\" alt=\"Die T3 &quot;Schunter&quot; auf den Werkgleisen der Fa. K+S vor ihrem vor\u00fcbergehenden Domizil. Im Hintergrund das F\u00f6rderger\u00fcst \u00fcber Schacht 1\" class=\"wp-image-5363\" srcset=\"https:\/\/www.almetalbahn-online.de\/wp-content\/uploads\/2025\/08\/image_KS_Badse_230825_016-1024x683.jpg 1024w, https:\/\/www.almetalbahn-online.de\/wp-content\/uploads\/2025\/08\/image_KS_Badse_230825_016-300x200.jpg 300w, https:\/\/www.almetalbahn-online.de\/wp-content\/uploads\/2025\/08\/image_KS_Badse_230825_016-768x512.jpg 768w, https:\/\/www.almetalbahn-online.de\/wp-content\/uploads\/2025\/08\/image_KS_Badse_230825_016-1536x1024.jpg 1536w, https:\/\/www.almetalbahn-online.de\/wp-content\/uploads\/2025\/08\/image_KS_Badse_230825_016-600x400.jpg 600w, https:\/\/www.almetalbahn-online.de\/wp-content\/uploads\/2025\/08\/image_KS_Badse_230825_016.jpg 1620w\" sizes=\"(max-width: 1024px) 100vw, 1024px\" \/><figcaption class=\"wp-element-caption\">Die T3 &#8222;Schunter&#8220; auf den Werkgleisen der Fa. K+S vor ihrem vor\u00fcbergehenden Domizil. Im Hintergrund das F\u00f6rderger\u00fcst \u00fcber Schacht 1. Bild: O. Schaer<\/figcaption><\/figure>\n\n\n\n<figure class=\"wp-block-image size-large\"><img decoding=\"async\" loading=\"lazy\" width=\"683\" height=\"1024\" src=\"https:\/\/www.almetalbahn-online.de\/wp-content\/uploads\/2025\/08\/image_KS_Badse_230825_013-683x1024.jpg\" alt=\"Die T3 &quot;Schunter&quot; macht sich auf den Weg zur n\u00e4chsten Rangieraufgabe - so macht es fast den Eindruck\" class=\"wp-image-5360\" srcset=\"https:\/\/www.almetalbahn-online.de\/wp-content\/uploads\/2025\/08\/image_KS_Badse_230825_013-683x1024.jpg 683w, https:\/\/www.almetalbahn-online.de\/wp-content\/uploads\/2025\/08\/image_KS_Badse_230825_013-200x300.jpg 200w, https:\/\/www.almetalbahn-online.de\/wp-content\/uploads\/2025\/08\/image_KS_Badse_230825_013-600x900.jpg 600w, https:\/\/www.almetalbahn-online.de\/wp-content\/uploads\/2025\/08\/image_KS_Badse_230825_013.jpg 720w\" sizes=\"(max-width: 683px) 100vw, 683px\" \/><figcaption class=\"wp-element-caption\">Die T3 &#8222;Schunter&#8220; macht sich auf den Weg zur n\u00e4chsten Rangieraufgabe &#8211; so macht es fast den Eindruck. Die F\u00fchrerstandsmitfahrten kamen im Rahmen des K+S Familientages hervorragend an und werden auch am 20.09. angeboten. Bild: O. Schaer<\/figcaption><\/figure>\n\n\n\n<p><strong>Die Organisatoren hatten somit alles richtig gemacht und freuen sich nun auf die \u00f6ffentlichen Fahrten am 20.09.2025 in Bad Salzdetfurth im Rahmen des Doppeljubil\u00e4ums aus 125 Jahre Lammetalbahn und 125 Jahre Teufung von Schacht 1.<\/strong><\/p>\n\n\n\n<p>Aber zur\u00fcck nach Freilassing. Dort begeisterten Harald Strube und Herbert Severitt gemeinsam mit der Handhebeldraisine das Publikum. Es gab fast keine Minute, in der sich die Draisine nicht bewegte und sie schaffte es sogar bis auf die Drehscheibe des ehemaligen Bahnbetriebswerkes Freilassing, in dem wahre Elektrolokomotivlegenden beheimatet waren. <\/p>\n\n\n\n<p>Die Beteiligten loteten sogar schon M\u00f6glichkeiten einer Wiederholung aus&#8230; aber sehen Sie zun\u00e4chst noch weitere Eindr\u00fccke aus Freilassing!<\/p>\n\n\n\n<figure class=\"wp-block-image size-large\"><img decoding=\"async\" loading=\"lazy\" width=\"1024\" height=\"768\" src=\"https:\/\/www.almetalbahn-online.de\/wp-content\/uploads\/2025\/08\/IMG-20250827-WA0009-1024x768.jpg\" alt=\"Begeisterte Besucher auf der Handhebeldraisine\" class=\"wp-image-5432\" srcset=\"https:\/\/www.almetalbahn-online.de\/wp-content\/uploads\/2025\/08\/IMG-20250827-WA0009-1024x768.jpg 1024w, https:\/\/www.almetalbahn-online.de\/wp-content\/uploads\/2025\/08\/IMG-20250827-WA0009-300x225.jpg 300w, https:\/\/www.almetalbahn-online.de\/wp-content\/uploads\/2025\/08\/IMG-20250827-WA0009-768x576.jpg 768w, https:\/\/www.almetalbahn-online.de\/wp-content\/uploads\/2025\/08\/IMG-20250827-WA0009-1536x1153.jpg 1536w, https:\/\/www.almetalbahn-online.de\/wp-content\/uploads\/2025\/08\/IMG-20250827-WA0009-600x450.jpg 600w, https:\/\/www.almetalbahn-online.de\/wp-content\/uploads\/2025\/08\/IMG-20250827-WA0009.jpg 1599w\" sizes=\"(max-width: 1024px) 100vw, 1024px\" \/><figcaption class=\"wp-element-caption\">Begeisterte Besucher auf der Handhebeldraisine, Bild: H. Severitt<\/figcaption><\/figure>\n\n\n\n<figure class=\"wp-block-image size-large\"><img decoding=\"async\" loading=\"lazy\" width=\"1024\" height=\"683\" src=\"https:\/\/www.almetalbahn-online.de\/wp-content\/uploads\/2025\/08\/image_Freilassing_Ameise_Film_003-1024x683.jpg\" alt=\"\" class=\"wp-image-5447\" srcset=\"https:\/\/www.almetalbahn-online.de\/wp-content\/uploads\/2025\/08\/image_Freilassing_Ameise_Film_003-1024x683.jpg 1024w, https:\/\/www.almetalbahn-online.de\/wp-content\/uploads\/2025\/08\/image_Freilassing_Ameise_Film_003-300x200.jpg 300w, https:\/\/www.almetalbahn-online.de\/wp-content\/uploads\/2025\/08\/image_Freilassing_Ameise_Film_003-768x512.jpg 768w, https:\/\/www.almetalbahn-online.de\/wp-content\/uploads\/2025\/08\/image_Freilassing_Ameise_Film_003-1536x1025.jpg 1536w, https:\/\/www.almetalbahn-online.de\/wp-content\/uploads\/2025\/08\/image_Freilassing_Ameise_Film_003-600x400.jpg 600w, https:\/\/www.almetalbahn-online.de\/wp-content\/uploads\/2025\/08\/image_Freilassing_Ameise_Film_003.jpg 1619w\" sizes=\"(max-width: 1024px) 100vw, 1024px\" \/><figcaption class=\"wp-element-caption\">Die Draisine in voller Fahrt, Bild: Ameise-Film<\/figcaption><\/figure>\n\n\n\n<figure class=\"wp-block-image size-large\"><img decoding=\"async\" loading=\"lazy\" width=\"1024\" height=\"683\" src=\"https:\/\/www.almetalbahn-online.de\/wp-content\/uploads\/2025\/08\/image_Freilassing_Ameise_Film_002-1024x683.jpg\" alt=\"\" class=\"wp-image-5446\" srcset=\"https:\/\/www.almetalbahn-online.de\/wp-content\/uploads\/2025\/08\/image_Freilassing_Ameise_Film_002-1024x683.jpg 1024w, https:\/\/www.almetalbahn-online.de\/wp-content\/uploads\/2025\/08\/image_Freilassing_Ameise_Film_002-300x200.jpg 300w, https:\/\/www.almetalbahn-online.de\/wp-content\/uploads\/2025\/08\/image_Freilassing_Ameise_Film_002-768x512.jpg 768w, https:\/\/www.almetalbahn-online.de\/wp-content\/uploads\/2025\/08\/image_Freilassing_Ameise_Film_002-1536x1025.jpg 1536w, https:\/\/www.almetalbahn-online.de\/wp-content\/uploads\/2025\/08\/image_Freilassing_Ameise_Film_002-600x400.jpg 600w, https:\/\/www.almetalbahn-online.de\/wp-content\/uploads\/2025\/08\/image_Freilassing_Ameise_Film_002.jpg 1619w\" sizes=\"(max-width: 1024px) 100vw, 1024px\" \/><figcaption class=\"wp-element-caption\">Die Draisine aus einer anderen Perspektive. Richtig zu erahnen: die sp\u00e4tsommerliche Atmosph\u00e4re im ehemaligen Bw. Bild: Ameise-Film<\/figcaption><\/figure>\n\n\n\n<figure class=\"wp-block-image size-large\"><img decoding=\"async\" loading=\"lazy\" width=\"1024\" height=\"576\" src=\"https:\/\/www.almetalbahn-online.de\/wp-content\/uploads\/2025\/08\/IMG-20250827-WA0018-1024x576.jpg\" alt=\"Drehscheibe, Draisine und Alpen - so in der Konstellation eine absolute Premiere!\" class=\"wp-image-5436\" srcset=\"https:\/\/www.almetalbahn-online.de\/wp-content\/uploads\/2025\/08\/IMG-20250827-WA0018-1024x576.jpg 1024w, https:\/\/www.almetalbahn-online.de\/wp-content\/uploads\/2025\/08\/IMG-20250827-WA0018-300x169.jpg 300w, https:\/\/www.almetalbahn-online.de\/wp-content\/uploads\/2025\/08\/IMG-20250827-WA0018-768x432.jpg 768w, https:\/\/www.almetalbahn-online.de\/wp-content\/uploads\/2025\/08\/IMG-20250827-WA0018-1536x864.jpg 1536w, https:\/\/www.almetalbahn-online.de\/wp-content\/uploads\/2025\/08\/IMG-20250827-WA0018-600x338.jpg 600w, https:\/\/www.almetalbahn-online.de\/wp-content\/uploads\/2025\/08\/IMG-20250827-WA0018.jpg 2040w\" sizes=\"(max-width: 1024px) 100vw, 1024px\" \/><figcaption class=\"wp-element-caption\">Drehscheibe, Draisine und Alpen &#8211; so in der Konstellation eine absolute Premiere! Bild: H. Severitt<\/figcaption><\/figure>\n\n\n\n<figure class=\"wp-block-image size-large\"><img decoding=\"async\" loading=\"lazy\" width=\"1024\" height=\"576\" src=\"https:\/\/www.almetalbahn-online.de\/wp-content\/uploads\/2025\/08\/IMG-20250827-WA0020-1024x576.jpg\" alt=\"\" class=\"wp-image-5437\" srcset=\"https:\/\/www.almetalbahn-online.de\/wp-content\/uploads\/2025\/08\/IMG-20250827-WA0020-1024x576.jpg 1024w, https:\/\/www.almetalbahn-online.de\/wp-content\/uploads\/2025\/08\/IMG-20250827-WA0020-300x169.jpg 300w, https:\/\/www.almetalbahn-online.de\/wp-content\/uploads\/2025\/08\/IMG-20250827-WA0020-768x432.jpg 768w, https:\/\/www.almetalbahn-online.de\/wp-content\/uploads\/2025\/08\/IMG-20250827-WA0020-1536x864.jpg 1536w, https:\/\/www.almetalbahn-online.de\/wp-content\/uploads\/2025\/08\/IMG-20250827-WA0020-600x338.jpg 600w, https:\/\/www.almetalbahn-online.de\/wp-content\/uploads\/2025\/08\/IMG-20250827-WA0020.jpg 2040w\" sizes=\"(max-width: 1024px) 100vw, 1024px\" \/><figcaption class=\"wp-element-caption\">&#8230;und dann sogar noch unter Fahrdraht! Einen ganz herzlichen Dank an das Team der Lokwelt Freilassing f\u00fcr die Gastfreundschaft. Es hat sehr viel Spa\u00df gemacht! Bild: H. Severitt<\/figcaption><\/figure>\n\n\n\n<p>27.08.2025 &#8211; OS\/TR<\/p>\n","protected":false},"excerpt":{"rendered":"<p>Wenn Fahrzeuge der AHE auf Reisen gehen, ist das immer besonders und einen Bericht wert. So war zum Beispiel die Handhebeldraisine schon oft in Alfeld (Leine) im Weltkulturerbe Fagus-Werk oder [&hellip;]<\/p>\n","protected":false},"author":3,"featured_media":5405,"comment_status":"closed","ping_status":"closed","sticky":false,"template":"","format":"standard","meta":{"_links_to":"","_links_to_target":""},"categories":[21,65],"tags":[],"yoast_head":"<!-- This site is optimized with the Yoast SEO plugin v21.0 - https:\/\/yoast.com\/wordpress\/plugins\/seo\/ -->\n<title>Die AHE auf gro\u00dfer Fahrt - Arbeitsgemeinschaft Historische Eisenbahn e.V.<\/title>\n<meta name=\"robots\" content=\"index, follow, max-snippet:-1, max-image-preview:large, max-video-preview:-1\" \/>\n<link rel=\"canonical\" href=\"https:\/\/www.almetalbahn-online.de\/?p=5346\" \/>\n<meta property=\"og:locale\" content=\"de_DE\" \/>\n<meta property=\"og:type\" content=\"article\" \/>\n<meta property=\"og:title\" content=\"Die AHE auf gro\u00dfer Fahrt - Arbeitsgemeinschaft Historische Eisenbahn e.V.\" \/>\n<meta property=\"og:description\" content=\"Wenn Fahrzeuge der AHE auf Reisen gehen, ist das immer besonders und einen Bericht wert. So war zum Beispiel die Handhebeldraisine schon oft in Alfeld (Leine) im Weltkulturerbe Fagus-Werk oder [&hellip;]\" \/>\n<meta property=\"og:url\" content=\"https:\/\/www.almetalbahn-online.de\/?p=5346\" \/>\n<meta property=\"og:site_name\" content=\"Arbeitsgemeinschaft Historische Eisenbahn e.V.\" \/>\n<meta property=\"article:publisher\" content=\"https:\/\/www.facebook.com\/Almetalbahn\/\" \/>\n<meta property=\"article:published_time\" content=\"2025-08-26T07:21:48+00:00\" \/>\n<meta property=\"article:modified_time\" content=\"2025-08-29T13:24:25+00:00\" \/>\n<meta property=\"og:image\" content=\"https:\/\/www.almetalbahn-online.de\/wp-content\/uploads\/2025\/08\/image_T3_KuS_20250823_006.jpg\" \/>\n\t<meta property=\"og:image:width\" content=\"1620\" \/>\n\t<meta property=\"og:image:height\" content=\"1080\" \/>\n\t<meta property=\"og:image:type\" content=\"image\/jpeg\" \/>\n<meta name=\"author\" content=\"Oliver Schaer\" \/>\n<meta name=\"twitter:card\" content=\"summary_large_image\" \/>\n<meta name=\"twitter:label1\" content=\"Verfasst von\" \/>\n\t<meta name=\"twitter:data1\" content=\"Oliver Schaer\" \/>\n\t<meta name=\"twitter:label2\" content=\"Gesch\u00e4tzte Lesezeit\" \/>\n\t<meta name=\"twitter:data2\" content=\"9\u00a0Minuten\" \/>\n<script type=\"application\/ld+json\" class=\"yoast-schema-graph\">{\"@context\":\"https:\/\/schema.org\",\"@graph\":[{\"@type\":\"Article\",\"@id\":\"https:\/\/www.almetalbahn-online.de\/?p=5346#article\",\"isPartOf\":{\"@id\":\"https:\/\/www.almetalbahn-online.de\/?p=5346\"},\"author\":{\"name\":\"Oliver Schaer\",\"@id\":\"https:\/\/www.almetalbahn-online.de\/#\/schema\/person\/b0828570a7b6ca612f54633269051789\"},\"headline\":\"Die AHE auf gro\u00dfer Fahrt\",\"datePublished\":\"2025-08-26T07:21:48+00:00\",\"dateModified\":\"2025-08-29T13:24:25+00:00\",\"mainEntityOfPage\":{\"@id\":\"https:\/\/www.almetalbahn-online.de\/?p=5346\"},\"wordCount\":1060,\"publisher\":{\"@id\":\"https:\/\/www.almetalbahn-online.de\/#organization\"},\"articleSection\":[\"Veranstaltungen\",\"Zu Gast bei Freunden\"],\"inLanguage\":\"de\"},{\"@type\":\"WebPage\",\"@id\":\"https:\/\/www.almetalbahn-online.de\/?p=5346\",\"url\":\"https:\/\/www.almetalbahn-online.de\/?p=5346\",\"name\":\"Die AHE auf gro\u00dfer Fahrt - Arbeitsgemeinschaft Historische Eisenbahn e.V.\",\"isPartOf\":{\"@id\":\"https:\/\/www.almetalbahn-online.de\/#website\"},\"datePublished\":\"2025-08-26T07:21:48+00:00\",\"dateModified\":\"2025-08-29T13:24:25+00:00\",\"breadcrumb\":{\"@id\":\"https:\/\/www.almetalbahn-online.de\/?p=5346#breadcrumb\"},\"inLanguage\":\"de\",\"potentialAction\":[{\"@type\":\"ReadAction\",\"target\":[\"https:\/\/www.almetalbahn-online.de\/?p=5346\"]}]},{\"@type\":\"BreadcrumbList\",\"@id\":\"https:\/\/www.almetalbahn-online.de\/?p=5346#breadcrumb\",\"itemListElement\":[{\"@type\":\"ListItem\",\"position\":1,\"name\":\"Startseite\",\"item\":\"https:\/\/www.almetalbahn-online.de\/\"},{\"@type\":\"ListItem\",\"position\":2,\"name\":\"Die AHE auf gro\u00dfer Fahrt\"}]},{\"@type\":\"WebSite\",\"@id\":\"https:\/\/www.almetalbahn-online.de\/#website\",\"url\":\"https:\/\/www.almetalbahn-online.de\/\",\"name\":\"Arbeitsgemeinschaft Historische Eisenbahn e.V.\",\"description\":\"Almetalbahn\",\"publisher\":{\"@id\":\"https:\/\/www.almetalbahn-online.de\/#organization\"},\"potentialAction\":[{\"@type\":\"SearchAction\",\"target\":{\"@type\":\"EntryPoint\",\"urlTemplate\":\"https:\/\/www.almetalbahn-online.de\/?s={search_term_string}\"},\"query-input\":\"required name=search_term_string\"}],\"inLanguage\":\"de\"},{\"@type\":\"Organization\",\"@id\":\"https:\/\/www.almetalbahn-online.de\/#organization\",\"name\":\"Arbeitsgemeinschaft Historische Eisenbahn e.V.\",\"url\":\"https:\/\/www.almetalbahn-online.de\/\",\"logo\":{\"@type\":\"ImageObject\",\"inLanguage\":\"de\",\"@id\":\"https:\/\/www.almetalbahn-online.de\/#\/schema\/logo\/image\/\",\"url\":\"https:\/\/www.almetalbahn-online.de\/wp-content\/uploads\/2019\/12\/T3_Zeichnung-e1573062427353.png\",\"contentUrl\":\"https:\/\/www.almetalbahn-online.de\/wp-content\/uploads\/2019\/12\/T3_Zeichnung-e1573062427353.png\",\"width\":200,\"height\":97,\"caption\":\"Arbeitsgemeinschaft Historische Eisenbahn e.V.\"},\"image\":{\"@id\":\"https:\/\/www.almetalbahn-online.de\/#\/schema\/logo\/image\/\"},\"sameAs\":[\"https:\/\/www.facebook.com\/Almetalbahn\/\",\"https:\/\/www.instagram.com\/almetalbahn\/\"]},{\"@type\":\"Person\",\"@id\":\"https:\/\/www.almetalbahn-online.de\/#\/schema\/person\/b0828570a7b6ca612f54633269051789\",\"name\":\"Oliver Schaer\",\"image\":{\"@type\":\"ImageObject\",\"inLanguage\":\"de\",\"@id\":\"https:\/\/www.almetalbahn-online.de\/#\/schema\/person\/image\/\",\"url\":\"https:\/\/secure.gravatar.com\/avatar\/12f2e60f42b773b234c8115d50938d7b?s=96&d=mm&r=g\",\"contentUrl\":\"https:\/\/secure.gravatar.com\/avatar\/12f2e60f42b773b234c8115d50938d7b?s=96&d=mm&r=g\",\"caption\":\"Oliver Schaer\"},\"url\":\"https:\/\/www.almetalbahn-online.de\/?author=3\"}]}<\/script>\n<!-- \/ Yoast SEO plugin. -->","yoast_head_json":{"title":"Die AHE auf gro\u00dfer Fahrt - Arbeitsgemeinschaft Historische Eisenbahn e.V.","robots":{"index":"index","follow":"follow","max-snippet":"max-snippet:-1","max-image-preview":"max-image-preview:large","max-video-preview":"max-video-preview:-1"},"canonical":"https:\/\/www.almetalbahn-online.de\/?p=5346","og_locale":"de_DE","og_type":"article","og_title":"Die AHE auf gro\u00dfer Fahrt - Arbeitsgemeinschaft Historische Eisenbahn e.V.","og_description":"Wenn Fahrzeuge der AHE auf Reisen gehen, ist das immer besonders und einen Bericht wert. So war zum Beispiel die Handhebeldraisine schon oft in Alfeld (Leine) im Weltkulturerbe Fagus-Werk oder [&hellip;]","og_url":"https:\/\/www.almetalbahn-online.de\/?p=5346","og_site_name":"Arbeitsgemeinschaft Historische Eisenbahn e.V.","article_publisher":"https:\/\/www.facebook.com\/Almetalbahn\/","article_published_time":"2025-08-26T07:21:48+00:00","article_modified_time":"2025-08-29T13:24:25+00:00","og_image":[{"width":1620,"height":1080,"url":"https:\/\/www.almetalbahn-online.de\/wp-content\/uploads\/2025\/08\/image_T3_KuS_20250823_006.jpg","type":"image\/jpeg"}],"author":"Oliver Schaer","twitter_card":"summary_large_image","twitter_misc":{"Verfasst von":"Oliver Schaer","Gesch\u00e4tzte Lesezeit":"9\u00a0Minuten"},"schema":{"@context":"https:\/\/schema.org","@graph":[{"@type":"Article","@id":"https:\/\/www.almetalbahn-online.de\/?p=5346#article","isPartOf":{"@id":"https:\/\/www.almetalbahn-online.de\/?p=5346"},"author":{"name":"Oliver Schaer","@id":"https:\/\/www.almetalbahn-online.de\/#\/schema\/person\/b0828570a7b6ca612f54633269051789"},"headline":"Die AHE auf gro\u00dfer Fahrt","datePublished":"2025-08-26T07:21:48+00:00","dateModified":"2025-08-29T13:24:25+00:00","mainEntityOfPage":{"@id":"https:\/\/www.almetalbahn-online.de\/?p=5346"},"wordCount":1060,"publisher":{"@id":"https:\/\/www.almetalbahn-online.de\/#organization"},"articleSection":["Veranstaltungen","Zu Gast bei Freunden"],"inLanguage":"de"},{"@type":"WebPage","@id":"https:\/\/www.almetalbahn-online.de\/?p=5346","url":"https:\/\/www.almetalbahn-online.de\/?p=5346","name":"Die AHE auf gro\u00dfer Fahrt - Arbeitsgemeinschaft Historische Eisenbahn e.V.","isPartOf":{"@id":"https:\/\/www.almetalbahn-online.de\/#website"},"datePublished":"2025-08-26T07:21:48+00:00","dateModified":"2025-08-29T13:24:25+00:00","breadcrumb":{"@id":"https:\/\/www.almetalbahn-online.de\/?p=5346#breadcrumb"},"inLanguage":"de","potentialAction":[{"@type":"ReadAction","target":["https:\/\/www.almetalbahn-online.de\/?p=5346"]}]},{"@type":"BreadcrumbList","@id":"https:\/\/www.almetalbahn-online.de\/?p=5346#breadcrumb","itemListElement":[{"@type":"ListItem","position":1,"name":"Startseite","item":"https:\/\/www.almetalbahn-online.de\/"},{"@type":"ListItem","position":2,"name":"Die AHE auf gro\u00dfer Fahrt"}]},{"@type":"WebSite","@id":"https:\/\/www.almetalbahn-online.de\/#website","url":"https:\/\/www.almetalbahn-online.de\/","name":"Arbeitsgemeinschaft Historische Eisenbahn e.V.","description":"Almetalbahn","publisher":{"@id":"https:\/\/www.almetalbahn-online.de\/#organization"},"potentialAction":[{"@type":"SearchAction","target":{"@type":"EntryPoint","urlTemplate":"https:\/\/www.almetalbahn-online.de\/?s={search_term_string}"},"query-input":"required name=search_term_string"}],"inLanguage":"de"},{"@type":"Organization","@id":"https:\/\/www.almetalbahn-online.de\/#organization","name":"Arbeitsgemeinschaft Historische Eisenbahn e.V.","url":"https:\/\/www.almetalbahn-online.de\/","logo":{"@type":"ImageObject","inLanguage":"de","@id":"https:\/\/www.almetalbahn-online.de\/#\/schema\/logo\/image\/","url":"https:\/\/www.almetalbahn-online.de\/wp-content\/uploads\/2019\/12\/T3_Zeichnung-e1573062427353.png","contentUrl":"https:\/\/www.almetalbahn-online.de\/wp-content\/uploads\/2019\/12\/T3_Zeichnung-e1573062427353.png","width":200,"height":97,"caption":"Arbeitsgemeinschaft Historische Eisenbahn e.V."},"image":{"@id":"https:\/\/www.almetalbahn-online.de\/#\/schema\/logo\/image\/"},"sameAs":["https:\/\/www.facebook.com\/Almetalbahn\/","https:\/\/www.instagram.com\/almetalbahn\/"]},{"@type":"Person","@id":"https:\/\/www.almetalbahn-online.de\/#\/schema\/person\/b0828570a7b6ca612f54633269051789","name":"Oliver Schaer","image":{"@type":"ImageObject","inLanguage":"de","@id":"https:\/\/www.almetalbahn-online.de\/#\/schema\/person\/image\/","url":"https:\/\/secure.gravatar.com\/avatar\/12f2e60f42b773b234c8115d50938d7b?s=96&d=mm&r=g","contentUrl":"https:\/\/secure.gravatar.com\/avatar\/12f2e60f42b773b234c8115d50938d7b?s=96&d=mm&r=g","caption":"Oliver Schaer"},"url":"https:\/\/www.almetalbahn-online.de\/?author=3"}]}},"_links":{"self":[{"href":"https:\/\/www.almetalbahn-online.de\/index.php?rest_route=\/wp\/v2\/posts\/5346"}],"collection":[{"href":"https:\/\/www.almetalbahn-online.de\/index.php?rest_route=\/wp\/v2\/posts"}],"about":[{"href":"https:\/\/www.almetalbahn-online.de\/index.php?rest_route=\/wp\/v2\/types\/post"}],"author":[{"embeddable":true,"href":"https:\/\/www.almetalbahn-online.de\/index.php?rest_route=\/wp\/v2\/users\/3"}],"replies":[{"embeddable":true,"href":"https:\/\/www.almetalbahn-online.de\/index.php?rest_route=%2Fwp%2Fv2%2Fcomments&post=5346"}],"version-history":[{"count":15,"href":"https:\/\/www.almetalbahn-online.de\/index.php?rest_route=\/wp\/v2\/posts\/5346\/revisions"}],"predecessor-version":[{"id":5449,"href":"https:\/\/www.almetalbahn-online.de\/index.php?rest_route=\/wp\/v2\/posts\/5346\/revisions\/5449"}],"wp:featuredmedia":[{"embeddable":true,"href":"https:\/\/www.almetalbahn-online.de\/index.php?rest_route=\/wp\/v2\/media\/5405"}],"wp:attachment":[{"href":"https:\/\/www.almetalbahn-online.de\/index.php?rest_route=%2Fwp%2Fv2%2Fmedia&parent=5346"}],"wp:term":[{"taxonomy":"category","embeddable":true,"href":"https:\/\/www.almetalbahn-online.de\/index.php?rest_route=%2Fwp%2Fv2%2Fcategories&post=5346"},{"taxonomy":"post_tag","embeddable":true,"href":"https:\/\/www.almetalbahn-online.de\/index.php?rest_route=%2Fwp%2Fv2%2Ftags&post=5346"}],"curies":[{"name":"wp","href":"https:\/\/api.w.org\/{rel}","templated":true}]}}